{"id":155,"date":"2018-01-30T10:49:00","date_gmt":"2018-01-30T10:49:00","guid":{"rendered":"http:\/\/spandalucia.com\/spacanalsur\/?p=155"},"modified":"2021-02-16T13:36:30","modified_gmt":"2021-02-16T13:36:30","slug":"recursos-humanos-pedira-a-la-plantilla-que-justifique-110-horas-de-formacion-al-ano-para-cumplir-la-jornada-de-375-horas-semanales","status":"publish","type":"post","link":"https:\/\/spandalucia.com\/spacanalsur\/recursos-humanos-pedira-a-la-plantilla-que-justifique-110-horas-de-formacion-al-ano-para-cumplir-la-jornada-de-375-horas-semanales\/","title":{"rendered":"Recursos Humanos pedir\u00e1 a la plantilla que justifique 110 horas de formaci\u00f3n al a\u00f1o para cumplir la jornada de 37,5 horas semanales"},"content":{"rendered":"\n<h2><\/h2>\n\n\n\n<p><strong><u>La empresa asegura que no ha recibido ninguna orden para convocar oposiciones y presenta una cifra de 245 personas entre indefinidos no fijos, interinos y personal por obra y servicio<\/u>.<\/strong><\/p>\n\n\n\n<p>La Direcci\u00f3n ha comunicado que para el cumplimiento efectivo de la jornada de 37,5 horas cada trabajador\/a deber\u00e1 justificar 110 horas anuales, dado que actualmente nuestra semana laboral es de 35. Esas horas se podr\u00e1n justificar mediante cursos de formaci\u00f3n, estudios reglados y prolongaci\u00f3n de la jornada de forma voluntaria, por lo que ha sugerido que la plantilla vaya notificando a RRHH su elecci\u00f3n, que podr\u00eda incluso combinar formaci\u00f3n con tiempo de trabajo efectivo.&nbsp;<\/p>\n\n\n\n<p>Los sindicatos le hemos pedido a RRHH m\u00e1s concreci\u00f3n porque a\u00fan no est\u00e1 firmado el acuerdo de formaci\u00f3n entre RTVA y CSRTV y el IAAP (Instituto Andaluz de la Administraci\u00f3n P\u00fablica), ni tampoco est\u00e1 operativo el portal MOODLE que la empresa lleva prometiendo desde hace tiempo para la formaci\u00f3n no presencial.<\/p>\n\n\n\n<p>En la misma reuni\u00f3n, el director de RRHH, Sebasti\u00e1n Uribe, ha asegurado que, hasta este momento, no han recibido ninguna comunicaci\u00f3n oficial que les obligue a negociar la Oferta P\u00fablica de Empleo, aunque consideran que ser\u00eda conveniente abrir un proceso de negociaci\u00f3n, en ese sentido.<\/p>\n\n\n\n<p>El SPA ha respondido que, mientras no haya una orden oficial de convocatoria, no se deber\u00eda negociar nada. La Direcci\u00f3n de RRHH ha informado que actualmente en la plantilla figuran 129 Indefinidos\/as no fijos\/as, 55 interinos\/as y 61 persona contratada por obra y servicio.<\/p>\n\n\n\n<p>Tambi\u00e9n ha informado que la Junta aprob\u00f3 un Decreto, 154\/2017 de 3 de octubre, que regula el permiso del personal funcionario con hijos e hijas con c\u00e1ncer u otra enfermedad grave, al que tambi\u00e9n se podr\u00e1 acoger la plantilla de RTVA y CSRTV.<\/p>\n\n\n\n<p>Por \u00faltimo, la direcci\u00f3n ha dejado caer que, a su entender, las personas que piden Permisos No Retribuidos no tienen derecho a disfrutar del periodo completo de vacaciones, lo que ha provocado el rechazo un\u00e1nime de todos los sindicatos, puesto que nunca se hab\u00eda recortado ese derecho por ese motivo.<\/p>\n\n\n\n<p class=\"has-text-align-right\">Andaluc\u00eda, 30 de enero de 2018<\/p>\n","protected":false},"excerpt":{"rendered":"<p>La empresa asegura que no ha recibido ninguna orden para convocar oposiciones y presenta una cifra de 245 personas entre indefinidos no fijos, interinos y personal por obra y servicio. La Direcci\u00f3n ha comunicado que para el cumplimiento efectivo de la jornada de 37,5 horas cada trabajador\/a deber\u00e1 justificar 110 horas anuales, dado que actualmente [&hellip;]<\/p>\n","protected":false},"author":2,"featured_media":0,"comment_status":"open","ping_status":"open","sticky":false,"template":"","format":"standard","meta":[],"categories":[1],"tags":[],"acf":[],"yoast_head":"<!-- This site is optimized with the Yoast SEO plugin v19.0 - https:\/\/yoast.com\/wordpress\/plugins\/seo\/ -->\n<title>Recursos Humanos pedir\u00e1 a la plantilla que justifique 110 horas de formaci\u00f3n al a\u00f1o para cumplir la jornada de 37,5 horas semanales - Secci\u00f3n Sindical del SPA en RTVA y CSRTV<\/title>\n<meta name=\"robots\" content=\"index, follow, max-snippet:-1, max-image-preview:large, max-video-preview:-1\" \/>\n<link rel=\"canonical\" href=\"https:\/\/spandalucia.com\/spacanalsur\/recursos-humanos-pedira-a-la-plantilla-que-justifique-110-horas-de-formacion-al-ano-para-cumplir-la-jornada-de-375-horas-semanales\/\" \/>\n<meta property=\"og:locale\" content=\"es_ES\" \/>\n<meta property=\"og:type\" content=\"article\" \/>\n<meta property=\"og:title\" content=\"Recursos Humanos pedir\u00e1 a la plantilla que justifique 110 horas de formaci\u00f3n al a\u00f1o para cumplir la jornada de 37,5 horas semanales - Secci\u00f3n Sindical del SPA en RTVA y CSRTV\" \/>\n<meta property=\"og:description\" content=\"La empresa asegura que no ha recibido ninguna orden para convocar oposiciones y presenta una cifra de 245 personas entre indefinidos no fijos, interinos y personal por obra y servicio. La Direcci\u00f3n ha comunicado que para el cumplimiento efectivo de la jornada de 37,5 horas cada trabajador\/a deber\u00e1 justificar 110 horas anuales, dado que actualmente [&hellip;]\" \/>\n<meta property=\"og:url\" content=\"https:\/\/spandalucia.com\/spacanalsur\/recursos-humanos-pedira-a-la-plantilla-que-justifique-110-horas-de-formacion-al-ano-para-cumplir-la-jornada-de-375-horas-semanales\/\" \/>\n<meta property=\"og:site_name\" content=\"Secci\u00f3n Sindical del SPA en RTVA y CSRTV\" \/>\n<meta property=\"article:published_time\" content=\"2018-01-30T10:49:00+00:00\" \/>\n<meta property=\"article:modified_time\" content=\"2021-02-16T13:36:30+00:00\" \/>\n<meta name=\"twitter:card\" content=\"summary_large_image\" \/>\n<meta name=\"twitter:label1\" content=\"Escrito por\" \/>\n\t<meta name=\"twitter:data1\" content=\"spacanalsur\" \/>\n\t<meta name=\"twitter:label2\" content=\"Tiempo de lectura\" \/>\n\t<meta name=\"twitter:data2\" content=\"2 minutos\" \/>\n<script type=\"application\/ld+json\" class=\"yoast-schema-graph\">{\"@context\":\"https:\/\/schema.org\",\"@graph\":[{\"@type\":\"WebSite\",\"@id\":\"https:\/\/spandalucia.com\/spacanalsur\/#website\",\"url\":\"https:\/\/spandalucia.com\/spacanalsur\/\",\"name\":\"Secci\u00f3n Sindical del SPA en RTVA y CSRTV\",\"description\":\"P\u00e1gina de informaci\u00f3n de la Secci\u00f3n Sindical del SPA en Canal Sur\",\"potentialAction\":[{\"@type\":\"SearchAction\",\"target\":{\"@type\":\"EntryPoint\",\"urlTemplate\":\"https:\/\/spandalucia.com\/spacanalsur\/?s={search_term_string}\"},\"query-input\":\"required name=search_term_string\"}],\"inLanguage\":\"es\"},{\"@type\":\"WebPage\",\"@id\":\"https:\/\/spandalucia.com\/spacanalsur\/recursos-humanos-pedira-a-la-plantilla-que-justifique-110-horas-de-formacion-al-ano-para-cumplir-la-jornada-de-375-horas-semanales\/#webpage\",\"url\":\"https:\/\/spandalucia.com\/spacanalsur\/recursos-humanos-pedira-a-la-plantilla-que-justifique-110-horas-de-formacion-al-ano-para-cumplir-la-jornada-de-375-horas-semanales\/\",\"name\":\"Recursos Humanos pedir\u00e1 a la plantilla que justifique 110 horas de formaci\u00f3n al a\u00f1o para cumplir la jornada de 37,5 horas semanales - Secci\u00f3n Sindical del SPA en RTVA y CSRTV\",\"isPartOf\":{\"@id\":\"https:\/\/spandalucia.com\/spacanalsur\/#website\"},\"datePublished\":\"2018-01-30T10:49:00+00:00\",\"dateModified\":\"2021-02-16T13:36:30+00:00\",\"author\":{\"@id\":\"https:\/\/spandalucia.com\/spacanalsur\/#\/schema\/person\/5605724d9677a9e6124a0f8d0fc47402\"},\"breadcrumb\":{\"@id\":\"https:\/\/spandalucia.com\/spacanalsur\/recursos-humanos-pedira-a-la-plantilla-que-justifique-110-horas-de-formacion-al-ano-para-cumplir-la-jornada-de-375-horas-semanales\/#breadcrumb\"},\"inLanguage\":\"es\",\"potentialAction\":[{\"@type\":\"ReadAction\",\"target\":[\"https:\/\/spandalucia.com\/spacanalsur\/recursos-humanos-pedira-a-la-plantilla-que-justifique-110-horas-de-formacion-al-ano-para-cumplir-la-jornada-de-375-horas-semanales\/\"]}]},{\"@type\":\"BreadcrumbList\",\"@id\":\"https:\/\/spandalucia.com\/spacanalsur\/recursos-humanos-pedira-a-la-plantilla-que-justifique-110-horas-de-formacion-al-ano-para-cumplir-la-jornada-de-375-horas-semanales\/#breadcrumb\",\"itemListElement\":[{\"@type\":\"ListItem\",\"position\":1,\"name\":\"Portada\",\"item\":\"https:\/\/spandalucia.com\/spacanalsur\/\"},{\"@type\":\"ListItem\",\"position\":2,\"name\":\"Recursos Humanos pedir\u00e1 a la plantilla que justifique 110 horas de formaci\u00f3n al a\u00f1o para cumplir la jornada de 37,5 horas semanales\"}]},{\"@type\":\"Person\",\"@id\":\"https:\/\/spandalucia.com\/spacanalsur\/#\/schema\/person\/5605724d9677a9e6124a0f8d0fc47402\",\"name\":\"spacanalsur\",\"image\":{\"@type\":\"ImageObject\",\"inLanguage\":\"es\",\"@id\":\"https:\/\/spandalucia.com\/spacanalsur\/#\/schema\/person\/image\/\",\"url\":\"https:\/\/secure.gravatar.com\/avatar\/53d83e22630d79f6452bef0b9e8249ac?s=96&d=mm&r=g\",\"contentUrl\":\"https:\/\/secure.gravatar.com\/avatar\/53d83e22630d79f6452bef0b9e8249ac?s=96&d=mm&r=g\",\"caption\":\"spacanalsur\"},\"url\":\"https:\/\/spandalucia.com\/spacanalsur\/author\/spacanalsur\/\"}]}<\/script>\n<!-- \/ Yoast SEO plugin. -->","yoast_head_json":{"title":"Recursos Humanos pedir\u00e1 a la plantilla que justifique 110 horas de formaci\u00f3n al a\u00f1o para cumplir la jornada de 37,5 horas semanales - Secci\u00f3n Sindical del SPA en RTVA y CSRTV","robots":{"index":"index","follow":"follow","max-snippet":"max-snippet:-1","max-image-preview":"max-image-preview:large","max-video-preview":"max-video-preview:-1"},"canonical":"https:\/\/spandalucia.com\/spacanalsur\/recursos-humanos-pedira-a-la-plantilla-que-justifique-110-horas-de-formacion-al-ano-para-cumplir-la-jornada-de-375-horas-semanales\/","og_locale":"es_ES","og_type":"article","og_title":"Recursos Humanos pedir\u00e1 a la plantilla que justifique 110 horas de formaci\u00f3n al a\u00f1o para cumplir la jornada de 37,5 horas semanales - Secci\u00f3n Sindical del SPA en RTVA y CSRTV","og_description":"La empresa asegura que no ha recibido ninguna orden para convocar oposiciones y presenta una cifra de 245 personas entre indefinidos no fijos, interinos y personal por obra y servicio. La Direcci\u00f3n ha comunicado que para el cumplimiento efectivo de la jornada de 37,5 horas cada trabajador\/a deber\u00e1 justificar 110 horas anuales, dado que actualmente [&hellip;]","og_url":"https:\/\/spandalucia.com\/spacanalsur\/recursos-humanos-pedira-a-la-plantilla-que-justifique-110-horas-de-formacion-al-ano-para-cumplir-la-jornada-de-375-horas-semanales\/","og_site_name":"Secci\u00f3n Sindical del SPA en RTVA y CSRTV","article_published_time":"2018-01-30T10:49:00+00:00","article_modified_time":"2021-02-16T13:36:30+00:00","twitter_card":"summary_large_image","twitter_misc":{"Escrito por":"spacanalsur","Tiempo de lectura":"2 minutos"},"schema":{"@context":"https:\/\/schema.org","@graph":[{"@type":"WebSite","@id":"https:\/\/spandalucia.com\/spacanalsur\/#website","url":"https:\/\/spandalucia.com\/spacanalsur\/","name":"Secci\u00f3n Sindical del SPA en RTVA y CSRTV","description":"P\u00e1gina de informaci\u00f3n de la Secci\u00f3n Sindical del SPA en Canal Sur","potentialAction":[{"@type":"SearchAction","target":{"@type":"EntryPoint","urlTemplate":"https:\/\/spandalucia.com\/spacanalsur\/?s={search_term_string}"},"query-input":"required name=search_term_string"}],"inLanguage":"es"},{"@type":"WebPage","@id":"https:\/\/spandalucia.com\/spacanalsur\/recursos-humanos-pedira-a-la-plantilla-que-justifique-110-horas-de-formacion-al-ano-para-cumplir-la-jornada-de-375-horas-semanales\/#webpage","url":"https:\/\/spandalucia.com\/spacanalsur\/recursos-humanos-pedira-a-la-plantilla-que-justifique-110-horas-de-formacion-al-ano-para-cumplir-la-jornada-de-375-horas-semanales\/","name":"Recursos Humanos pedir\u00e1 a la plantilla que justifique 110 horas de formaci\u00f3n al a\u00f1o para cumplir la jornada de 37,5 horas semanales - Secci\u00f3n Sindical del SPA en RTVA y CSRTV","isPartOf":{"@id":"https:\/\/spandalucia.com\/spacanalsur\/#website"},"datePublished":"2018-01-30T10:49:00+00:00","dateModified":"2021-02-16T13:36:30+00:00","author":{"@id":"https:\/\/spandalucia.com\/spacanalsur\/#\/schema\/person\/5605724d9677a9e6124a0f8d0fc47402"},"breadcrumb":{"@id":"https:\/\/spandalucia.com\/spacanalsur\/recursos-humanos-pedira-a-la-plantilla-que-justifique-110-horas-de-formacion-al-ano-para-cumplir-la-jornada-de-375-horas-semanales\/#breadcrumb"},"inLanguage":"es","potentialAction":[{"@type":"ReadAction","target":["https:\/\/spandalucia.com\/spacanalsur\/recursos-humanos-pedira-a-la-plantilla-que-justifique-110-horas-de-formacion-al-ano-para-cumplir-la-jornada-de-375-horas-semanales\/"]}]},{"@type":"BreadcrumbList","@id":"https:\/\/spandalucia.com\/spacanalsur\/recursos-humanos-pedira-a-la-plantilla-que-justifique-110-horas-de-formacion-al-ano-para-cumplir-la-jornada-de-375-horas-semanales\/#breadcrumb","itemListElement":[{"@type":"ListItem","position":1,"name":"Portada","item":"https:\/\/spandalucia.com\/spacanalsur\/"},{"@type":"ListItem","position":2,"name":"Recursos Humanos pedir\u00e1 a la plantilla que justifique 110 horas de formaci\u00f3n al a\u00f1o para cumplir la jornada de 37,5 horas semanales"}]},{"@type":"Person","@id":"https:\/\/spandalucia.com\/spacanalsur\/#\/schema\/person\/5605724d9677a9e6124a0f8d0fc47402","name":"spacanalsur","image":{"@type":"ImageObject","inLanguage":"es","@id":"https:\/\/spandalucia.com\/spacanalsur\/#\/schema\/person\/image\/","url":"https:\/\/secure.gravatar.com\/avatar\/53d83e22630d79f6452bef0b9e8249ac?s=96&d=mm&r=g","contentUrl":"https:\/\/secure.gravatar.com\/avatar\/53d83e22630d79f6452bef0b9e8249ac?s=96&d=mm&r=g","caption":"spacanalsur"},"url":"https:\/\/spandalucia.com\/spacanalsur\/author\/spacanalsur\/"}]}},"_links":{"self":[{"href":"https:\/\/spandalucia.com\/spacanalsur\/wp-json\/wp\/v2\/posts\/155"}],"collection":[{"href":"https:\/\/spandalucia.com\/spacanalsur\/wp-json\/wp\/v2\/posts"}],"about":[{"href":"https:\/\/spandalucia.com\/spacanalsur\/wp-json\/wp\/v2\/types\/post"}],"author":[{"embeddable":true,"href":"https:\/\/spandalucia.com\/spacanalsur\/wp-json\/wp\/v2\/users\/2"}],"replies":[{"embeddable":true,"href":"https:\/\/spandalucia.com\/spacanalsur\/wp-json\/wp\/v2\/comments?post=155"}],"version-history":[{"count":1,"href":"https:\/\/spandalucia.com\/spacanalsur\/wp-json\/wp\/v2\/posts\/155\/revisions"}],"predecessor-version":[{"id":156,"href":"https:\/\/spandalucia.com\/spacanalsur\/wp-json\/wp\/v2\/posts\/155\/revisions\/156"}],"wp:attachment":[{"href":"https:\/\/spandalucia.com\/spacanalsur\/wp-json\/wp\/v2\/media?parent=155"}],"wp:term":[{"taxonomy":"category","embeddable":true,"href":"https:\/\/spandalucia.com\/spacanalsur\/wp-json\/wp\/v2\/categories?post=155"},{"taxonomy":"post_tag","embeddable":true,"href":"https:\/\/spandalucia.com\/spacanalsur\/wp-json\/wp\/v2\/tags?post=155"}],"curies":[{"name":"wp","href":"https:\/\/api.w.org\/{rel}","templated":true}]}}