{"id":209,"date":"2018-12-03T16:15:00","date_gmt":"2018-12-03T16:15:00","guid":{"rendered":"http:\/\/spandalucia.com\/spacanalsur\/?p=209"},"modified":"2021-02-16T13:21:06","modified_gmt":"2021-02-16T13:21:06","slug":"comite-intercentros-comunicado-a-todas-las-trabajadoras-y-trabajadores-2","status":"publish","type":"post","link":"https:\/\/spandalucia.com\/spacanalsur\/comite-intercentros-comunicado-a-todas-las-trabajadoras-y-trabajadores-2\/","title":{"rendered":"Comit\u00e9 Intercentros: Comunicado a todas las trabajadoras y trabajadores"},"content":{"rendered":"\n<p class=\"has-text-align-left\"><strong>Desde el Comit\u00e9 Intercentros queremos hacer un llamamiento al conjunto de la plantilla para continuar la campa\u00f1a#RecuperarLaNuestra<\/strong><br><br>&nbsp; &nbsp; &nbsp; &nbsp;Como ya dijimos al comienzo de la campa\u00f1a, nuestras reivindicaciones no est\u00e1n condicionadas por la celebraci\u00f3n de unas elecciones ni por la campa\u00f1a electoral puesto que nuestro p\u00fablico es el conjunto de la sociedad andaluza. La \u00fanica fecha de caducidad que tendr\u00e1 esta campa\u00f1a ser\u00e1 el d\u00eda en el que alcancemos los objetivos de nuestras reivindicaciones en defensa de una Radio y Televisi\u00f3n P\u00fablica y de Calidad.<br><br>&nbsp; &nbsp; &nbsp; &nbsp;Por ello, ahora m\u00e1s que nunca, en el marco de los acuerdos que puedan adoptarse en el Parlamento surgido de las elecciones celebradas ayer, continuaremos defendiendo el papel encomendado a la RTVA por el Estatuto de Autonom\u00eda y nuestra funci\u00f3n de Servicio P\u00fablico Esencial para informar y para vertebrar social y territorialmente Andaluc\u00eda. Os animamos por tanto a seguir participando de las acciones que entre todas y todos decidamos y a sumar a m\u00e1s compa\u00f1eras y compa\u00f1eros.<br><br><strong>El pr\u00f3ximo mi\u00e9rcoles<\/strong>,<strong> 5 de diciembre<\/strong>,<strong> tenemos una cita<\/strong>.<strong> Viste de negro para reivindicar Canal Sur de todas y para todos los p\u00fablicos.<\/strong><br><br><strong>\u00a1La radiotelevisi\u00f3n p\u00fablica se defiende<\/strong>,<strong> gobierne quien gobierne!<\/strong><br><\/p>\n\n\n\n<p class=\"has-text-align-center\"><strong>#RecuperarLaNuestra<br>#Mi\u00e9rcolesAlSur<\/strong><\/p>\n\n\n\n<p><\/p>\n","protected":false},"excerpt":{"rendered":"<p>Desde el Comit\u00e9 Intercentros queremos hacer un llamamiento al conjunto de la plantilla para continuar la campa\u00f1a#RecuperarLaNuestra &nbsp; &nbsp; &nbsp; &nbsp;Como ya dijimos al comienzo de la campa\u00f1a, nuestras reivindicaciones no est\u00e1n condicionadas por la celebraci\u00f3n de unas elecciones ni por la campa\u00f1a electoral puesto que nuestro p\u00fablico es el conjunto de la sociedad andaluza. [&hellip;]<\/p>\n","protected":false},"author":2,"featured_media":0,"comment_status":"open","ping_status":"open","sticky":false,"template":"","format":"standard","meta":[],"categories":[1],"tags":[],"acf":[],"yoast_head":"<!-- This site is optimized with the Yoast SEO plugin v19.0 - https:\/\/yoast.com\/wordpress\/plugins\/seo\/ -->\n<title>Comit\u00e9 Intercentros: Comunicado a todas las trabajadoras y trabajadores - Secci\u00f3n Sindical del SPA en RTVA y CSRTV<\/title>\n<meta name=\"robots\" content=\"index, follow, max-snippet:-1, max-image-preview:large, max-video-preview:-1\" \/>\n<link rel=\"canonical\" href=\"https:\/\/spandalucia.com\/spacanalsur\/comite-intercentros-comunicado-a-todas-las-trabajadoras-y-trabajadores-2\/\" \/>\n<meta property=\"og:locale\" content=\"es_ES\" \/>\n<meta property=\"og:type\" content=\"article\" \/>\n<meta property=\"og:title\" content=\"Comit\u00e9 Intercentros: Comunicado a todas las trabajadoras y trabajadores - Secci\u00f3n Sindical del SPA en RTVA y CSRTV\" \/>\n<meta property=\"og:description\" content=\"Desde el Comit\u00e9 Intercentros queremos hacer un llamamiento al conjunto de la plantilla para continuar la campa\u00f1a#RecuperarLaNuestra &nbsp; &nbsp; &nbsp; &nbsp;Como ya dijimos al comienzo de la campa\u00f1a, nuestras reivindicaciones no est\u00e1n condicionadas por la celebraci\u00f3n de unas elecciones ni por la campa\u00f1a electoral puesto que nuestro p\u00fablico es el conjunto de la sociedad andaluza. [&hellip;]\" \/>\n<meta property=\"og:url\" content=\"https:\/\/spandalucia.com\/spacanalsur\/comite-intercentros-comunicado-a-todas-las-trabajadoras-y-trabajadores-2\/\" \/>\n<meta property=\"og:site_name\" content=\"Secci\u00f3n Sindical del SPA en RTVA y CSRTV\" \/>\n<meta property=\"article:published_time\" content=\"2018-12-03T16:15:00+00:00\" \/>\n<meta property=\"article:modified_time\" content=\"2021-02-16T13:21:06+00:00\" \/>\n<meta name=\"twitter:card\" content=\"summary_large_image\" \/>\n<meta name=\"twitter:label1\" content=\"Escrito por\" \/>\n\t<meta name=\"twitter:data1\" content=\"spacanalsur\" \/>\n\t<meta name=\"twitter:label2\" content=\"Tiempo de lectura\" \/>\n\t<meta name=\"twitter:data2\" content=\"1 minuto\" \/>\n<script type=\"application\/ld+json\" class=\"yoast-schema-graph\">{\"@context\":\"https:\/\/schema.org\",\"@graph\":[{\"@type\":\"WebSite\",\"@id\":\"https:\/\/spandalucia.com\/spacanalsur\/#website\",\"url\":\"https:\/\/spandalucia.com\/spacanalsur\/\",\"name\":\"Secci\u00f3n Sindical del SPA en RTVA y CSRTV\",\"description\":\"P\u00e1gina de informaci\u00f3n de la Secci\u00f3n Sindical del SPA en Canal Sur\",\"potentialAction\":[{\"@type\":\"SearchAction\",\"target\":{\"@type\":\"EntryPoint\",\"urlTemplate\":\"https:\/\/spandalucia.com\/spacanalsur\/?s={search_term_string}\"},\"query-input\":\"required name=search_term_string\"}],\"inLanguage\":\"es\"},{\"@type\":\"WebPage\",\"@id\":\"https:\/\/spandalucia.com\/spacanalsur\/comite-intercentros-comunicado-a-todas-las-trabajadoras-y-trabajadores-2\/#webpage\",\"url\":\"https:\/\/spandalucia.com\/spacanalsur\/comite-intercentros-comunicado-a-todas-las-trabajadoras-y-trabajadores-2\/\",\"name\":\"Comit\u00e9 Intercentros: Comunicado a todas las trabajadoras y trabajadores - Secci\u00f3n Sindical del SPA en RTVA y CSRTV\",\"isPartOf\":{\"@id\":\"https:\/\/spandalucia.com\/spacanalsur\/#website\"},\"datePublished\":\"2018-12-03T16:15:00+00:00\",\"dateModified\":\"2021-02-16T13:21:06+00:00\",\"author\":{\"@id\":\"https:\/\/spandalucia.com\/spacanalsur\/#\/schema\/person\/5605724d9677a9e6124a0f8d0fc47402\"},\"breadcrumb\":{\"@id\":\"https:\/\/spandalucia.com\/spacanalsur\/comite-intercentros-comunicado-a-todas-las-trabajadoras-y-trabajadores-2\/#breadcrumb\"},\"inLanguage\":\"es\",\"potentialAction\":[{\"@type\":\"ReadAction\",\"target\":[\"https:\/\/spandalucia.com\/spacanalsur\/comite-intercentros-comunicado-a-todas-las-trabajadoras-y-trabajadores-2\/\"]}]},{\"@type\":\"BreadcrumbList\",\"@id\":\"https:\/\/spandalucia.com\/spacanalsur\/comite-intercentros-comunicado-a-todas-las-trabajadoras-y-trabajadores-2\/#breadcrumb\",\"itemListElement\":[{\"@type\":\"ListItem\",\"position\":1,\"name\":\"Portada\",\"item\":\"https:\/\/spandalucia.com\/spacanalsur\/\"},{\"@type\":\"ListItem\",\"position\":2,\"name\":\"Comit\u00e9 Intercentros: Comunicado a todas las trabajadoras y trabajadores\"}]},{\"@type\":\"Person\",\"@id\":\"https:\/\/spandalucia.com\/spacanalsur\/#\/schema\/person\/5605724d9677a9e6124a0f8d0fc47402\",\"name\":\"spacanalsur\",\"image\":{\"@type\":\"ImageObject\",\"inLanguage\":\"es\",\"@id\":\"https:\/\/spandalucia.com\/spacanalsur\/#\/schema\/person\/image\/\",\"url\":\"https:\/\/secure.gravatar.com\/avatar\/53d83e22630d79f6452bef0b9e8249ac?s=96&d=mm&r=g\",\"contentUrl\":\"https:\/\/secure.gravatar.com\/avatar\/53d83e22630d79f6452bef0b9e8249ac?s=96&d=mm&r=g\",\"caption\":\"spacanalsur\"},\"url\":\"https:\/\/spandalucia.com\/spacanalsur\/author\/spacanalsur\/\"}]}<\/script>\n<!-- \/ Yoast SEO plugin. -->","yoast_head_json":{"title":"Comit\u00e9 Intercentros: Comunicado a todas las trabajadoras y trabajadores - Secci\u00f3n Sindical del SPA en RTVA y CSRTV","robots":{"index":"index","follow":"follow","max-snippet":"max-snippet:-1","max-image-preview":"max-image-preview:large","max-video-preview":"max-video-preview:-1"},"canonical":"https:\/\/spandalucia.com\/spacanalsur\/comite-intercentros-comunicado-a-todas-las-trabajadoras-y-trabajadores-2\/","og_locale":"es_ES","og_type":"article","og_title":"Comit\u00e9 Intercentros: Comunicado a todas las trabajadoras y trabajadores - Secci\u00f3n Sindical del SPA en RTVA y CSRTV","og_description":"Desde el Comit\u00e9 Intercentros queremos hacer un llamamiento al conjunto de la plantilla para continuar la campa\u00f1a#RecuperarLaNuestra &nbsp; &nbsp; &nbsp; &nbsp;Como ya dijimos al comienzo de la campa\u00f1a, nuestras reivindicaciones no est\u00e1n condicionadas por la celebraci\u00f3n de unas elecciones ni por la campa\u00f1a electoral puesto que nuestro p\u00fablico es el conjunto de la sociedad andaluza. [&hellip;]","og_url":"https:\/\/spandalucia.com\/spacanalsur\/comite-intercentros-comunicado-a-todas-las-trabajadoras-y-trabajadores-2\/","og_site_name":"Secci\u00f3n Sindical del SPA en RTVA y CSRTV","article_published_time":"2018-12-03T16:15:00+00:00","article_modified_time":"2021-02-16T13:21:06+00:00","twitter_card":"summary_large_image","twitter_misc":{"Escrito por":"spacanalsur","Tiempo de lectura":"1 minuto"},"schema":{"@context":"https:\/\/schema.org","@graph":[{"@type":"WebSite","@id":"https:\/\/spandalucia.com\/spacanalsur\/#website","url":"https:\/\/spandalucia.com\/spacanalsur\/","name":"Secci\u00f3n Sindical del SPA en RTVA y CSRTV","description":"P\u00e1gina de informaci\u00f3n de la Secci\u00f3n Sindical del SPA en Canal Sur","potentialAction":[{"@type":"SearchAction","target":{"@type":"EntryPoint","urlTemplate":"https:\/\/spandalucia.com\/spacanalsur\/?s={search_term_string}"},"query-input":"required name=search_term_string"}],"inLanguage":"es"},{"@type":"WebPage","@id":"https:\/\/spandalucia.com\/spacanalsur\/comite-intercentros-comunicado-a-todas-las-trabajadoras-y-trabajadores-2\/#webpage","url":"https:\/\/spandalucia.com\/spacanalsur\/comite-intercentros-comunicado-a-todas-las-trabajadoras-y-trabajadores-2\/","name":"Comit\u00e9 Intercentros: Comunicado a todas las trabajadoras y trabajadores - Secci\u00f3n Sindical del SPA en RTVA y CSRTV","isPartOf":{"@id":"https:\/\/spandalucia.com\/spacanalsur\/#website"},"datePublished":"2018-12-03T16:15:00+00:00","dateModified":"2021-02-16T13:21:06+00:00","author":{"@id":"https:\/\/spandalucia.com\/spacanalsur\/#\/schema\/person\/5605724d9677a9e6124a0f8d0fc47402"},"breadcrumb":{"@id":"https:\/\/spandalucia.com\/spacanalsur\/comite-intercentros-comunicado-a-todas-las-trabajadoras-y-trabajadores-2\/#breadcrumb"},"inLanguage":"es","potentialAction":[{"@type":"ReadAction","target":["https:\/\/spandalucia.com\/spacanalsur\/comite-intercentros-comunicado-a-todas-las-trabajadoras-y-trabajadores-2\/"]}]},{"@type":"BreadcrumbList","@id":"https:\/\/spandalucia.com\/spacanalsur\/comite-intercentros-comunicado-a-todas-las-trabajadoras-y-trabajadores-2\/#breadcrumb","itemListElement":[{"@type":"ListItem","position":1,"name":"Portada","item":"https:\/\/spandalucia.com\/spacanalsur\/"},{"@type":"ListItem","position":2,"name":"Comit\u00e9 Intercentros: Comunicado a todas las trabajadoras y trabajadores"}]},{"@type":"Person","@id":"https:\/\/spandalucia.com\/spacanalsur\/#\/schema\/person\/5605724d9677a9e6124a0f8d0fc47402","name":"spacanalsur","image":{"@type":"ImageObject","inLanguage":"es","@id":"https:\/\/spandalucia.com\/spacanalsur\/#\/schema\/person\/image\/","url":"https:\/\/secure.gravatar.com\/avatar\/53d83e22630d79f6452bef0b9e8249ac?s=96&d=mm&r=g","contentUrl":"https:\/\/secure.gravatar.com\/avatar\/53d83e22630d79f6452bef0b9e8249ac?s=96&d=mm&r=g","caption":"spacanalsur"},"url":"https:\/\/spandalucia.com\/spacanalsur\/author\/spacanalsur\/"}]}},"_links":{"self":[{"href":"https:\/\/spandalucia.com\/spacanalsur\/wp-json\/wp\/v2\/posts\/209"}],"collection":[{"href":"https:\/\/spandalucia.com\/spacanalsur\/wp-json\/wp\/v2\/posts"}],"about":[{"href":"https:\/\/spandalucia.com\/spacanalsur\/wp-json\/wp\/v2\/types\/post"}],"author":[{"embeddable":true,"href":"https:\/\/spandalucia.com\/spacanalsur\/wp-json\/wp\/v2\/users\/2"}],"replies":[{"embeddable":true,"href":"https:\/\/spandalucia.com\/spacanalsur\/wp-json\/wp\/v2\/comments?post=209"}],"version-history":[{"count":3,"href":"https:\/\/spandalucia.com\/spacanalsur\/wp-json\/wp\/v2\/posts\/209\/revisions"}],"predecessor-version":[{"id":260,"href":"https:\/\/spandalucia.com\/spacanalsur\/wp-json\/wp\/v2\/posts\/209\/revisions\/260"}],"wp:attachment":[{"href":"https:\/\/spandalucia.com\/spacanalsur\/wp-json\/wp\/v2\/media?parent=209"}],"wp:term":[{"taxonomy":"category","embeddable":true,"href":"https:\/\/spandalucia.com\/spacanalsur\/wp-json\/wp\/v2\/categories?post=209"},{"taxonomy":"post_tag","embeddable":true,"href":"https:\/\/spandalucia.com\/spacanalsur\/wp-json\/wp\/v2\/tags?post=209"}],"curies":[{"name":"wp","href":"https:\/\/api.w.org\/{rel}","templated":true}]}}