{"id":211,"date":"2018-12-07T16:19:00","date_gmt":"2018-12-07T16:19:00","guid":{"rendered":"http:\/\/spandalucia.com\/spacanalsur\/?p=211"},"modified":"2021-02-16T13:20:15","modified_gmt":"2021-02-16T13:20:15","slug":"el-cierre-de-canal-sur-el-ultimo-disparate-de-la-derecha-civilizada","status":"publish","type":"post","link":"https:\/\/spandalucia.com\/spacanalsur\/el-cierre-de-canal-sur-el-ultimo-disparate-de-la-derecha-civilizada\/","title":{"rendered":"El cierre de Canal Sur, el \u00faltimo disparate de la derecha civilizada"},"content":{"rendered":"\n<ul><li><strong>Sorprende que una parte del Partido Popular est\u00e9 pensando la posibilidad cerrar Canal Sur, cuando hace dos meses aprob\u00f3 con entusiasmo la Ley Audiovisual de Andaluc\u00eda, que refuerza su papel.<\/strong><\/li><li><strong>Canal Sur vertebra nuestra comunidad, es el motor de la industria audiovisual y una de las principales se\u00f1as de identidad de Andaluc\u00eda<\/strong>.<\/li><\/ul>\n\n\n\n<p>Que un partido de extrema derecha, antieuropeista y xen\u00f3fobo diga que hay que cerrar la Radio Televisi\u00f3n P\u00fablica de Andaluc\u00eda no es de extra\u00f1ar, les veremos m\u00e1s extravagancias ahora que tienen voz en el Parlamento. Lo verdaderamente llamativo de este debate postelectoral es que haya una parte del Partido Popular que se est\u00e9 cuestionando su existencia, por boca nada menos que de su secretario general, Teodoro Garc\u00eda Egea. Desde el Sindicato de Periodistas de Andalucia (SPA) tenemos que recordar que el PP, hace tan s\u00f3lo dos meses, vot\u00f3 a favor de la Ley Audiovisual de Andaluc\u00eda, (aprobada por unanimidad de todos los grupos pol\u00edticos andaluces), que refuerza el papel de Canal Sur y define el servicio p\u00fablico audiovisual como&nbsp; \u201cesencial\u201d y de titularidad p\u00fablica, que deber\u00e1 ser gestionado por la RTVA (Art. 51).<br>&nbsp;<br><br>&nbsp;&nbsp;&nbsp;&nbsp;&nbsp;&nbsp;&nbsp;&nbsp;&nbsp;&nbsp;&nbsp; <strong>Vertebrador de Andaluc\u00eda<\/strong><br><br>&nbsp;&nbsp;&nbsp;&nbsp;&nbsp;&nbsp;&nbsp;&nbsp;&nbsp;&nbsp;&nbsp; De igual manera sorprende que desde otro sector del PP se diga que no se puede cerrar porque est\u00e1 en el Estatuto de autonom\u00eda y no hay mayor\u00eda para modificarlo. Sin entrar en las razones por las que de verdad es necesaria la Radio Televisi\u00f3n p\u00fablica de Andaluc\u00eda: es un elemento vertebrador de Andaluc\u00eda, un territorio tan grande como Portugal; al margen de la programaci\u00f3n de entretenimiento, con frecuencia cuestionable, tiene 19% de su programaci\u00f3n dedicada a contenidos culturales y sociales; el campo, las minor\u00edas, la innovaci\u00f3n, la ciencia, las vanguardias, la memoria hist\u00f3rica, la cultura o los pueblos aislados de nuestra Andaluc\u00eda tienen en Canal Sur su principal aliado, aunque a veces no llegue a todas partes, castigado en los \u00faltimos tiempos por la precariedad derivada de los recortes que la plantilla viene denunciando reiteradamente. Es tambi\u00e9n el principal motor del sector audiovisual andaluz, tercero de Espa\u00f1a y del que dependen miles de empleos.<br>&nbsp;<br><br>&nbsp;&nbsp;&nbsp;&nbsp;&nbsp;&nbsp;&nbsp;&nbsp;&nbsp;&nbsp;&nbsp; <strong>Servicio p\u00fablico y se\u00f1a de identidad<\/strong><br><br>&nbsp;&nbsp;&nbsp;&nbsp;&nbsp;&nbsp;&nbsp;&nbsp;&nbsp;&nbsp;&nbsp; Canal Sur viene dando voz desde hace 30 a\u00f1os a sectores y territorios andaluces que en otros medios no tienen cabida porque no dan audiencia o simplemente no son rentables econ\u00f3micamente. Ese es el verdadero valor del servicio p\u00fablico que presta Canal Sur. La Radio televisi\u00f3n de Andaluc\u00eda es adem\u00e1s una de las principales se\u00f1as de identidad del pueblo andaluz. Sus entre 60 y 80 equipos de grabaci\u00f3n que cada d\u00eda salen a la calle a contar lo que ocurre, est\u00e1n escribiendo la historia de esta tierra. Y su archivo de 30 a\u00f1os es un o de los mayores valores patrimoniales que tiene Andaluc\u00eda.&nbsp;<br>&nbsp;<br>&nbsp;&nbsp;&nbsp;&nbsp;&nbsp;&nbsp;&nbsp;&nbsp;&nbsp;&nbsp;&nbsp; Por todo ello esperamos que tanto el Partido Popular como quien sea que ocupe el Gobierno andaluz haga de la Radio Televisi\u00f3n de Andaluc\u00eda un servicio p\u00fablico al servicio de los andaluces, como tantas veces han dicho todos l\u00edderes que hasta ahora ten\u00edan representaci\u00f3n parlamentaria.<\/p>\n\n\n\n<p class=\"has-text-align-right\">Andaluc\u00eda, 7 de diciembre de 2018<\/p>\n","protected":false},"excerpt":{"rendered":"<p>Sorprende que una parte del Partido Popular est\u00e9 pensando la posibilidad cerrar Canal Sur, cuando hace dos meses aprob\u00f3 con entusiasmo la Ley Audiovisual de Andaluc\u00eda, que refuerza su papel. Canal Sur vertebra nuestra comunidad, es el motor de la industria audiovisual y una de las principales se\u00f1as de identidad de Andaluc\u00eda. Que un partido [&hellip;]<\/p>\n","protected":false},"author":2,"featured_media":0,"comment_status":"open","ping_status":"open","sticky":false,"template":"","format":"standard","meta":[],"categories":[1],"tags":[],"acf":[],"yoast_head":"<!-- This site is optimized with the Yoast SEO plugin v19.0 - https:\/\/yoast.com\/wordpress\/plugins\/seo\/ -->\n<title>El cierre de Canal Sur, el \u00faltimo disparate de la derecha civilizada - Secci\u00f3n Sindical del SPA en RTVA y CSRTV<\/title>\n<meta name=\"robots\" content=\"index, follow, max-snippet:-1, max-image-preview:large, max-video-preview:-1\" \/>\n<link rel=\"canonical\" href=\"https:\/\/spandalucia.com\/spacanalsur\/el-cierre-de-canal-sur-el-ultimo-disparate-de-la-derecha-civilizada\/\" \/>\n<meta property=\"og:locale\" content=\"es_ES\" \/>\n<meta property=\"og:type\" content=\"article\" \/>\n<meta property=\"og:title\" content=\"El cierre de Canal Sur, el \u00faltimo disparate de la derecha civilizada - Secci\u00f3n Sindical del SPA en RTVA y CSRTV\" \/>\n<meta property=\"og:description\" content=\"Sorprende que una parte del Partido Popular est\u00e9 pensando la posibilidad cerrar Canal Sur, cuando hace dos meses aprob\u00f3 con entusiasmo la Ley Audiovisual de Andaluc\u00eda, que refuerza su papel. Canal Sur vertebra nuestra comunidad, es el motor de la industria audiovisual y una de las principales se\u00f1as de identidad de Andaluc\u00eda. Que un partido [&hellip;]\" \/>\n<meta property=\"og:url\" content=\"https:\/\/spandalucia.com\/spacanalsur\/el-cierre-de-canal-sur-el-ultimo-disparate-de-la-derecha-civilizada\/\" \/>\n<meta property=\"og:site_name\" content=\"Secci\u00f3n Sindical del SPA en RTVA y CSRTV\" \/>\n<meta property=\"article:published_time\" content=\"2018-12-07T16:19:00+00:00\" \/>\n<meta property=\"article:modified_time\" content=\"2021-02-16T13:20:15+00:00\" \/>\n<meta name=\"twitter:card\" content=\"summary_large_image\" \/>\n<meta name=\"twitter:label1\" content=\"Escrito por\" \/>\n\t<meta name=\"twitter:data1\" content=\"spacanalsur\" \/>\n\t<meta name=\"twitter:label2\" content=\"Tiempo de lectura\" \/>\n\t<meta name=\"twitter:data2\" content=\"3 minutos\" \/>\n<script type=\"application\/ld+json\" class=\"yoast-schema-graph\">{\"@context\":\"https:\/\/schema.org\",\"@graph\":[{\"@type\":\"WebSite\",\"@id\":\"https:\/\/spandalucia.com\/spacanalsur\/#website\",\"url\":\"https:\/\/spandalucia.com\/spacanalsur\/\",\"name\":\"Secci\u00f3n Sindical del SPA en RTVA y CSRTV\",\"description\":\"P\u00e1gina de informaci\u00f3n de la Secci\u00f3n Sindical del SPA en Canal Sur\",\"potentialAction\":[{\"@type\":\"SearchAction\",\"target\":{\"@type\":\"EntryPoint\",\"urlTemplate\":\"https:\/\/spandalucia.com\/spacanalsur\/?s={search_term_string}\"},\"query-input\":\"required name=search_term_string\"}],\"inLanguage\":\"es\"},{\"@type\":\"WebPage\",\"@id\":\"https:\/\/spandalucia.com\/spacanalsur\/el-cierre-de-canal-sur-el-ultimo-disparate-de-la-derecha-civilizada\/#webpage\",\"url\":\"https:\/\/spandalucia.com\/spacanalsur\/el-cierre-de-canal-sur-el-ultimo-disparate-de-la-derecha-civilizada\/\",\"name\":\"El cierre de Canal Sur, el \u00faltimo disparate de la derecha civilizada - Secci\u00f3n Sindical del SPA en RTVA y CSRTV\",\"isPartOf\":{\"@id\":\"https:\/\/spandalucia.com\/spacanalsur\/#website\"},\"datePublished\":\"2018-12-07T16:19:00+00:00\",\"dateModified\":\"2021-02-16T13:20:15+00:00\",\"author\":{\"@id\":\"https:\/\/spandalucia.com\/spacanalsur\/#\/schema\/person\/5605724d9677a9e6124a0f8d0fc47402\"},\"breadcrumb\":{\"@id\":\"https:\/\/spandalucia.com\/spacanalsur\/el-cierre-de-canal-sur-el-ultimo-disparate-de-la-derecha-civilizada\/#breadcrumb\"},\"inLanguage\":\"es\",\"potentialAction\":[{\"@type\":\"ReadAction\",\"target\":[\"https:\/\/spandalucia.com\/spacanalsur\/el-cierre-de-canal-sur-el-ultimo-disparate-de-la-derecha-civilizada\/\"]}]},{\"@type\":\"BreadcrumbList\",\"@id\":\"https:\/\/spandalucia.com\/spacanalsur\/el-cierre-de-canal-sur-el-ultimo-disparate-de-la-derecha-civilizada\/#breadcrumb\",\"itemListElement\":[{\"@type\":\"ListItem\",\"position\":1,\"name\":\"Portada\",\"item\":\"https:\/\/spandalucia.com\/spacanalsur\/\"},{\"@type\":\"ListItem\",\"position\":2,\"name\":\"El cierre de Canal Sur, el \u00faltimo disparate de la derecha civilizada\"}]},{\"@type\":\"Person\",\"@id\":\"https:\/\/spandalucia.com\/spacanalsur\/#\/schema\/person\/5605724d9677a9e6124a0f8d0fc47402\",\"name\":\"spacanalsur\",\"image\":{\"@type\":\"ImageObject\",\"inLanguage\":\"es\",\"@id\":\"https:\/\/spandalucia.com\/spacanalsur\/#\/schema\/person\/image\/\",\"url\":\"https:\/\/secure.gravatar.com\/avatar\/53d83e22630d79f6452bef0b9e8249ac?s=96&d=mm&r=g\",\"contentUrl\":\"https:\/\/secure.gravatar.com\/avatar\/53d83e22630d79f6452bef0b9e8249ac?s=96&d=mm&r=g\",\"caption\":\"spacanalsur\"},\"url\":\"https:\/\/spandalucia.com\/spacanalsur\/author\/spacanalsur\/\"}]}<\/script>\n<!-- \/ Yoast SEO plugin. -->","yoast_head_json":{"title":"El cierre de Canal Sur, el \u00faltimo disparate de la derecha civilizada - Secci\u00f3n Sindical del SPA en RTVA y CSRTV","robots":{"index":"index","follow":"follow","max-snippet":"max-snippet:-1","max-image-preview":"max-image-preview:large","max-video-preview":"max-video-preview:-1"},"canonical":"https:\/\/spandalucia.com\/spacanalsur\/el-cierre-de-canal-sur-el-ultimo-disparate-de-la-derecha-civilizada\/","og_locale":"es_ES","og_type":"article","og_title":"El cierre de Canal Sur, el \u00faltimo disparate de la derecha civilizada - Secci\u00f3n Sindical del SPA en RTVA y CSRTV","og_description":"Sorprende que una parte del Partido Popular est\u00e9 pensando la posibilidad cerrar Canal Sur, cuando hace dos meses aprob\u00f3 con entusiasmo la Ley Audiovisual de Andaluc\u00eda, que refuerza su papel. Canal Sur vertebra nuestra comunidad, es el motor de la industria audiovisual y una de las principales se\u00f1as de identidad de Andaluc\u00eda. Que un partido [&hellip;]","og_url":"https:\/\/spandalucia.com\/spacanalsur\/el-cierre-de-canal-sur-el-ultimo-disparate-de-la-derecha-civilizada\/","og_site_name":"Secci\u00f3n Sindical del SPA en RTVA y CSRTV","article_published_time":"2018-12-07T16:19:00+00:00","article_modified_time":"2021-02-16T13:20:15+00:00","twitter_card":"summary_large_image","twitter_misc":{"Escrito por":"spacanalsur","Tiempo de lectura":"3 minutos"},"schema":{"@context":"https:\/\/schema.org","@graph":[{"@type":"WebSite","@id":"https:\/\/spandalucia.com\/spacanalsur\/#website","url":"https:\/\/spandalucia.com\/spacanalsur\/","name":"Secci\u00f3n Sindical del SPA en RTVA y CSRTV","description":"P\u00e1gina de informaci\u00f3n de la Secci\u00f3n Sindical del SPA en Canal Sur","potentialAction":[{"@type":"SearchAction","target":{"@type":"EntryPoint","urlTemplate":"https:\/\/spandalucia.com\/spacanalsur\/?s={search_term_string}"},"query-input":"required name=search_term_string"}],"inLanguage":"es"},{"@type":"WebPage","@id":"https:\/\/spandalucia.com\/spacanalsur\/el-cierre-de-canal-sur-el-ultimo-disparate-de-la-derecha-civilizada\/#webpage","url":"https:\/\/spandalucia.com\/spacanalsur\/el-cierre-de-canal-sur-el-ultimo-disparate-de-la-derecha-civilizada\/","name":"El cierre de Canal Sur, el \u00faltimo disparate de la derecha civilizada - Secci\u00f3n Sindical del SPA en RTVA y CSRTV","isPartOf":{"@id":"https:\/\/spandalucia.com\/spacanalsur\/#website"},"datePublished":"2018-12-07T16:19:00+00:00","dateModified":"2021-02-16T13:20:15+00:00","author":{"@id":"https:\/\/spandalucia.com\/spacanalsur\/#\/schema\/person\/5605724d9677a9e6124a0f8d0fc47402"},"breadcrumb":{"@id":"https:\/\/spandalucia.com\/spacanalsur\/el-cierre-de-canal-sur-el-ultimo-disparate-de-la-derecha-civilizada\/#breadcrumb"},"inLanguage":"es","potentialAction":[{"@type":"ReadAction","target":["https:\/\/spandalucia.com\/spacanalsur\/el-cierre-de-canal-sur-el-ultimo-disparate-de-la-derecha-civilizada\/"]}]},{"@type":"BreadcrumbList","@id":"https:\/\/spandalucia.com\/spacanalsur\/el-cierre-de-canal-sur-el-ultimo-disparate-de-la-derecha-civilizada\/#breadcrumb","itemListElement":[{"@type":"ListItem","position":1,"name":"Portada","item":"https:\/\/spandalucia.com\/spacanalsur\/"},{"@type":"ListItem","position":2,"name":"El cierre de Canal Sur, el \u00faltimo disparate de la derecha civilizada"}]},{"@type":"Person","@id":"https:\/\/spandalucia.com\/spacanalsur\/#\/schema\/person\/5605724d9677a9e6124a0f8d0fc47402","name":"spacanalsur","image":{"@type":"ImageObject","inLanguage":"es","@id":"https:\/\/spandalucia.com\/spacanalsur\/#\/schema\/person\/image\/","url":"https:\/\/secure.gravatar.com\/avatar\/53d83e22630d79f6452bef0b9e8249ac?s=96&d=mm&r=g","contentUrl":"https:\/\/secure.gravatar.com\/avatar\/53d83e22630d79f6452bef0b9e8249ac?s=96&d=mm&r=g","caption":"spacanalsur"},"url":"https:\/\/spandalucia.com\/spacanalsur\/author\/spacanalsur\/"}]}},"_links":{"self":[{"href":"https:\/\/spandalucia.com\/spacanalsur\/wp-json\/wp\/v2\/posts\/211"}],"collection":[{"href":"https:\/\/spandalucia.com\/spacanalsur\/wp-json\/wp\/v2\/posts"}],"about":[{"href":"https:\/\/spandalucia.com\/spacanalsur\/wp-json\/wp\/v2\/types\/post"}],"author":[{"embeddable":true,"href":"https:\/\/spandalucia.com\/spacanalsur\/wp-json\/wp\/v2\/users\/2"}],"replies":[{"embeddable":true,"href":"https:\/\/spandalucia.com\/spacanalsur\/wp-json\/wp\/v2\/comments?post=211"}],"version-history":[{"count":2,"href":"https:\/\/spandalucia.com\/spacanalsur\/wp-json\/wp\/v2\/posts\/211\/revisions"}],"predecessor-version":[{"id":259,"href":"https:\/\/spandalucia.com\/spacanalsur\/wp-json\/wp\/v2\/posts\/211\/revisions\/259"}],"wp:attachment":[{"href":"https:\/\/spandalucia.com\/spacanalsur\/wp-json\/wp\/v2\/media?parent=211"}],"wp:term":[{"taxonomy":"category","embeddable":true,"href":"https:\/\/spandalucia.com\/spacanalsur\/wp-json\/wp\/v2\/categories?post=211"},{"taxonomy":"post_tag","embeddable":true,"href":"https:\/\/spandalucia.com\/spacanalsur\/wp-json\/wp\/v2\/tags?post=211"}],"curies":[{"name":"wp","href":"https:\/\/api.w.org\/{rel}","templated":true}]}}