{"id":223,"date":"2019-01-14T16:31:00","date_gmt":"2019-01-14T16:31:00","guid":{"rendered":"http:\/\/spandalucia.com\/spacanalsur\/?p=223"},"modified":"2021-02-16T13:17:12","modified_gmt":"2021-02-16T13:17:12","slug":"el-spa-apoya-la-concentracion-de-los-colectivos-feministas-en-contra-de-las-politicas-que-vulneran-la-igualdad","status":"publish","type":"post","link":"https:\/\/spandalucia.com\/spacanalsur\/el-spa-apoya-la-concentracion-de-los-colectivos-feministas-en-contra-de-las-politicas-que-vulneran-la-igualdad\/","title":{"rendered":"El SPA apoya la concentraci\u00f3n de los  colectivos feministas en contra de las pol\u00edticas que vulneran la igualdad"},"content":{"rendered":"\n<p>El Sindicato de Periodistas de Andaluc\u00eda (SPA), integrado en la Federaci\u00f3n de Sindicatos de Periodistas (FeSP), apoya las concentraciones del 15 de enero frente al Parlamento de Andaluc\u00eda en Sevilla, a las 12 de la ma\u00f1ana, y tambi\u00e9n en las distintas provincias de nuestra comunidad aut\u00f3noma, a las 19 horas, convocadas por la Coordinadora Feminista de Andaluc\u00eda y los distintos colectivos de mujeres que se han adherido al manifiesto, en contra de las nuevas medidas pol\u00edticas anunciadas por el nuevo gobierno de derechas integrado por el Partido Popular, Ciudadanos y el ultraderechista Vox, donde este \u00faltimo busca derogar la ley 13\/2007, de 26 de noviembre, de medidas de prevenci\u00f3n y protecci\u00f3n integral de la violencia de g\u00e9nero y la ley 12\/2007, de 26 de noviembre, para la promoci\u00f3n de la igualdad de g\u00e9nero en Andaluc\u00eda.<br><br>El Sindicato de Periodistas de Andaluc\u00eda suscribe el manifiesto de la Coordinadora de Andaluc\u00eda y apoya la decisi\u00f3n de que \u201ccon los derechos de las mujeres no se negocia\u201d y respalda las exigencias de que \u201cni un paso atr\u00e1s en igualdad\u201d. La Ley 9\/2018, de 8 de octubre, de modificaci\u00f3n de la Ley 12\/2007, de 26 de noviembre, para la promoci\u00f3n de la igualdad de g\u00e9nero en Andaluc\u00eda, ha sido un trabajo de muchos a\u00f1os y colectivos feministas con el objetivo de seguir conquistando derechos y libertades en una sociedad todav\u00eda heteropatriarcal y donde existe la discriminaci\u00f3n sexista.<br><br>Por ello, el Sindicato de Periodistas de Andaluc\u00eda recuerda que las comunicadoras y comunicadores de nuestra tierra tienen una labor muy importante para acabar con esta discriminaci\u00f3n y trabajar no solo como un medio de informaci\u00f3n, sino tambi\u00e9n como una herramienta de educaci\u00f3n para conseguir una sociedad m\u00e1s equitativa, donde el discurso sea totalmente inclusivo con un lenguaje feminista, antirracista, antifascista e interseccional para que se respeten los derechos fundamentales de la humanidad. De este modo, a trav\u00e9s de los medios de comunicaci\u00f3n se trabaja por una informaci\u00f3n que no abogue por el discurso del odio.<br><br>La informaci\u00f3n y la comunicaci\u00f3n tambi\u00e9n es un derecho. As\u00ed, hacemos hincapi\u00e9 en la labor vigilante del Sindicato de Periodistas de Andaluc\u00eda que no va a permitir que haya recortes en la radio televisi\u00f3n p\u00fablica andaluza, RTVA, que pueda afectar a la calidad y veracidad de la informaci\u00f3n de sus medios p\u00fablicos, ni en las condiciones de trabajo de sus profesionales. Al igual que la ciudadan\u00eda tiene derecho a recibir una informaci\u00f3n rigurosa, las comunicadoras y comunicadores tambi\u00e9n tienen el derecho y el deber de ejercer su profesi\u00f3n.<br><br>El SPA anima a todas las mujeres en general, y a las de los medios de comunicaci\u00f3n en particular, a participar en esta concentraci\u00f3n y a seguir adelante en esta lucha, donde la derogaci\u00f3n de la ley de igualdad y contra la violencia de g\u00e9nero no solo le afecta a las mujeres de nuestra tierra, sino a toda la sociedad, porque el machismo no solo est\u00e1 en el asesinato, que es la violencia m\u00e1s exrtrema, sino que tambi\u00e9n est\u00e1 en las pol\u00edticas que negocian con las mujeres en lugar de tenerlas en cuenta como sujetos pol\u00edticos activos, en la brecha salarial y en la discriminaci\u00f3n de g\u00e9nero.<\/p>\n\n\n\n<p class=\"has-text-align-right\">Andaluc\u00eda, 14 de enero de 2019<br>&nbsp;<\/p>\n","protected":false},"excerpt":{"rendered":"<p>El Sindicato de Periodistas de Andaluc\u00eda (SPA), integrado en la Federaci\u00f3n de Sindicatos de Periodistas (FeSP), apoya las concentraciones del 15 de enero frente al Parlamento de Andaluc\u00eda en Sevilla, a las 12 de la ma\u00f1ana, y tambi\u00e9n en las distintas provincias de nuestra comunidad aut\u00f3noma, a las 19 horas, convocadas por la Coordinadora Feminista [&hellip;]<\/p>\n","protected":false},"author":2,"featured_media":0,"comment_status":"open","ping_status":"open","sticky":false,"template":"","format":"standard","meta":[],"categories":[1],"tags":[],"acf":[],"yoast_head":"<!-- This site is optimized with the Yoast SEO plugin v19.0 - https:\/\/yoast.com\/wordpress\/plugins\/seo\/ -->\n<title>El SPA apoya la concentraci\u00f3n de los colectivos feministas en contra de las pol\u00edticas que vulneran la igualdad - Secci\u00f3n Sindical del SPA en RTVA y CSRTV<\/title>\n<meta name=\"robots\" content=\"index, follow, max-snippet:-1, max-image-preview:large, max-video-preview:-1\" \/>\n<link rel=\"canonical\" href=\"https:\/\/spandalucia.com\/spacanalsur\/el-spa-apoya-la-concentracion-de-los-colectivos-feministas-en-contra-de-las-politicas-que-vulneran-la-igualdad\/\" \/>\n<meta property=\"og:locale\" content=\"es_ES\" \/>\n<meta property=\"og:type\" content=\"article\" \/>\n<meta property=\"og:title\" content=\"El SPA apoya la concentraci\u00f3n de los colectivos feministas en contra de las pol\u00edticas que vulneran la igualdad - Secci\u00f3n Sindical del SPA en RTVA y CSRTV\" \/>\n<meta property=\"og:description\" content=\"El Sindicato de Periodistas de Andaluc\u00eda (SPA), integrado en la Federaci\u00f3n de Sindicatos de Periodistas (FeSP), apoya las concentraciones del 15 de enero frente al Parlamento de Andaluc\u00eda en Sevilla, a las 12 de la ma\u00f1ana, y tambi\u00e9n en las distintas provincias de nuestra comunidad aut\u00f3noma, a las 19 horas, convocadas por la Coordinadora Feminista [&hellip;]\" \/>\n<meta property=\"og:url\" content=\"https:\/\/spandalucia.com\/spacanalsur\/el-spa-apoya-la-concentracion-de-los-colectivos-feministas-en-contra-de-las-politicas-que-vulneran-la-igualdad\/\" \/>\n<meta property=\"og:site_name\" content=\"Secci\u00f3n Sindical del SPA en RTVA y CSRTV\" \/>\n<meta property=\"article:published_time\" content=\"2019-01-14T16:31:00+00:00\" \/>\n<meta property=\"article:modified_time\" content=\"2021-02-16T13:17:12+00:00\" \/>\n<meta name=\"twitter:card\" content=\"summary_large_image\" \/>\n<meta name=\"twitter:label1\" content=\"Escrito por\" \/>\n\t<meta name=\"twitter:data1\" content=\"spacanalsur\" \/>\n\t<meta name=\"twitter:label2\" content=\"Tiempo de lectura\" \/>\n\t<meta name=\"twitter:data2\" content=\"3 minutos\" \/>\n<script type=\"application\/ld+json\" class=\"yoast-schema-graph\">{\"@context\":\"https:\/\/schema.org\",\"@graph\":[{\"@type\":\"WebSite\",\"@id\":\"https:\/\/spandalucia.com\/spacanalsur\/#website\",\"url\":\"https:\/\/spandalucia.com\/spacanalsur\/\",\"name\":\"Secci\u00f3n Sindical del SPA en RTVA y CSRTV\",\"description\":\"P\u00e1gina de informaci\u00f3n de la Secci\u00f3n Sindical del SPA en Canal Sur\",\"potentialAction\":[{\"@type\":\"SearchAction\",\"target\":{\"@type\":\"EntryPoint\",\"urlTemplate\":\"https:\/\/spandalucia.com\/spacanalsur\/?s={search_term_string}\"},\"query-input\":\"required name=search_term_string\"}],\"inLanguage\":\"es\"},{\"@type\":\"WebPage\",\"@id\":\"https:\/\/spandalucia.com\/spacanalsur\/el-spa-apoya-la-concentracion-de-los-colectivos-feministas-en-contra-de-las-politicas-que-vulneran-la-igualdad\/#webpage\",\"url\":\"https:\/\/spandalucia.com\/spacanalsur\/el-spa-apoya-la-concentracion-de-los-colectivos-feministas-en-contra-de-las-politicas-que-vulneran-la-igualdad\/\",\"name\":\"El SPA apoya la concentraci\u00f3n de los colectivos feministas en contra de las pol\u00edticas que vulneran la igualdad - Secci\u00f3n Sindical del SPA en RTVA y CSRTV\",\"isPartOf\":{\"@id\":\"https:\/\/spandalucia.com\/spacanalsur\/#website\"},\"datePublished\":\"2019-01-14T16:31:00+00:00\",\"dateModified\":\"2021-02-16T13:17:12+00:00\",\"author\":{\"@id\":\"https:\/\/spandalucia.com\/spacanalsur\/#\/schema\/person\/5605724d9677a9e6124a0f8d0fc47402\"},\"breadcrumb\":{\"@id\":\"https:\/\/spandalucia.com\/spacanalsur\/el-spa-apoya-la-concentracion-de-los-colectivos-feministas-en-contra-de-las-politicas-que-vulneran-la-igualdad\/#breadcrumb\"},\"inLanguage\":\"es\",\"potentialAction\":[{\"@type\":\"ReadAction\",\"target\":[\"https:\/\/spandalucia.com\/spacanalsur\/el-spa-apoya-la-concentracion-de-los-colectivos-feministas-en-contra-de-las-politicas-que-vulneran-la-igualdad\/\"]}]},{\"@type\":\"BreadcrumbList\",\"@id\":\"https:\/\/spandalucia.com\/spacanalsur\/el-spa-apoya-la-concentracion-de-los-colectivos-feministas-en-contra-de-las-politicas-que-vulneran-la-igualdad\/#breadcrumb\",\"itemListElement\":[{\"@type\":\"ListItem\",\"position\":1,\"name\":\"Portada\",\"item\":\"https:\/\/spandalucia.com\/spacanalsur\/\"},{\"@type\":\"ListItem\",\"position\":2,\"name\":\"El SPA apoya la concentraci\u00f3n de los colectivos feministas en contra de las pol\u00edticas que vulneran la igualdad\"}]},{\"@type\":\"Person\",\"@id\":\"https:\/\/spandalucia.com\/spacanalsur\/#\/schema\/person\/5605724d9677a9e6124a0f8d0fc47402\",\"name\":\"spacanalsur\",\"image\":{\"@type\":\"ImageObject\",\"inLanguage\":\"es\",\"@id\":\"https:\/\/spandalucia.com\/spacanalsur\/#\/schema\/person\/image\/\",\"url\":\"https:\/\/secure.gravatar.com\/avatar\/53d83e22630d79f6452bef0b9e8249ac?s=96&d=mm&r=g\",\"contentUrl\":\"https:\/\/secure.gravatar.com\/avatar\/53d83e22630d79f6452bef0b9e8249ac?s=96&d=mm&r=g\",\"caption\":\"spacanalsur\"},\"url\":\"https:\/\/spandalucia.com\/spacanalsur\/author\/spacanalsur\/\"}]}<\/script>\n<!-- \/ Yoast SEO plugin. -->","yoast_head_json":{"title":"El SPA apoya la concentraci\u00f3n de los colectivos feministas en contra de las pol\u00edticas que vulneran la igualdad - Secci\u00f3n Sindical del SPA en RTVA y CSRTV","robots":{"index":"index","follow":"follow","max-snippet":"max-snippet:-1","max-image-preview":"max-image-preview:large","max-video-preview":"max-video-preview:-1"},"canonical":"https:\/\/spandalucia.com\/spacanalsur\/el-spa-apoya-la-concentracion-de-los-colectivos-feministas-en-contra-de-las-politicas-que-vulneran-la-igualdad\/","og_locale":"es_ES","og_type":"article","og_title":"El SPA apoya la concentraci\u00f3n de los colectivos feministas en contra de las pol\u00edticas que vulneran la igualdad - Secci\u00f3n Sindical del SPA en RTVA y CSRTV","og_description":"El Sindicato de Periodistas de Andaluc\u00eda (SPA), integrado en la Federaci\u00f3n de Sindicatos de Periodistas (FeSP), apoya las concentraciones del 15 de enero frente al Parlamento de Andaluc\u00eda en Sevilla, a las 12 de la ma\u00f1ana, y tambi\u00e9n en las distintas provincias de nuestra comunidad aut\u00f3noma, a las 19 horas, convocadas por la Coordinadora Feminista [&hellip;]","og_url":"https:\/\/spandalucia.com\/spacanalsur\/el-spa-apoya-la-concentracion-de-los-colectivos-feministas-en-contra-de-las-politicas-que-vulneran-la-igualdad\/","og_site_name":"Secci\u00f3n Sindical del SPA en RTVA y CSRTV","article_published_time":"2019-01-14T16:31:00+00:00","article_modified_time":"2021-02-16T13:17:12+00:00","twitter_card":"summary_large_image","twitter_misc":{"Escrito por":"spacanalsur","Tiempo de lectura":"3 minutos"},"schema":{"@context":"https:\/\/schema.org","@graph":[{"@type":"WebSite","@id":"https:\/\/spandalucia.com\/spacanalsur\/#website","url":"https:\/\/spandalucia.com\/spacanalsur\/","name":"Secci\u00f3n Sindical del SPA en RTVA y CSRTV","description":"P\u00e1gina de informaci\u00f3n de la Secci\u00f3n Sindical del SPA en Canal Sur","potentialAction":[{"@type":"SearchAction","target":{"@type":"EntryPoint","urlTemplate":"https:\/\/spandalucia.com\/spacanalsur\/?s={search_term_string}"},"query-input":"required name=search_term_string"}],"inLanguage":"es"},{"@type":"WebPage","@id":"https:\/\/spandalucia.com\/spacanalsur\/el-spa-apoya-la-concentracion-de-los-colectivos-feministas-en-contra-de-las-politicas-que-vulneran-la-igualdad\/#webpage","url":"https:\/\/spandalucia.com\/spacanalsur\/el-spa-apoya-la-concentracion-de-los-colectivos-feministas-en-contra-de-las-politicas-que-vulneran-la-igualdad\/","name":"El SPA apoya la concentraci\u00f3n de los colectivos feministas en contra de las pol\u00edticas que vulneran la igualdad - Secci\u00f3n Sindical del SPA en RTVA y CSRTV","isPartOf":{"@id":"https:\/\/spandalucia.com\/spacanalsur\/#website"},"datePublished":"2019-01-14T16:31:00+00:00","dateModified":"2021-02-16T13:17:12+00:00","author":{"@id":"https:\/\/spandalucia.com\/spacanalsur\/#\/schema\/person\/5605724d9677a9e6124a0f8d0fc47402"},"breadcrumb":{"@id":"https:\/\/spandalucia.com\/spacanalsur\/el-spa-apoya-la-concentracion-de-los-colectivos-feministas-en-contra-de-las-politicas-que-vulneran-la-igualdad\/#breadcrumb"},"inLanguage":"es","potentialAction":[{"@type":"ReadAction","target":["https:\/\/spandalucia.com\/spacanalsur\/el-spa-apoya-la-concentracion-de-los-colectivos-feministas-en-contra-de-las-politicas-que-vulneran-la-igualdad\/"]}]},{"@type":"BreadcrumbList","@id":"https:\/\/spandalucia.com\/spacanalsur\/el-spa-apoya-la-concentracion-de-los-colectivos-feministas-en-contra-de-las-politicas-que-vulneran-la-igualdad\/#breadcrumb","itemListElement":[{"@type":"ListItem","position":1,"name":"Portada","item":"https:\/\/spandalucia.com\/spacanalsur\/"},{"@type":"ListItem","position":2,"name":"El SPA apoya la concentraci\u00f3n de los colectivos feministas en contra de las pol\u00edticas que vulneran la igualdad"}]},{"@type":"Person","@id":"https:\/\/spandalucia.com\/spacanalsur\/#\/schema\/person\/5605724d9677a9e6124a0f8d0fc47402","name":"spacanalsur","image":{"@type":"ImageObject","inLanguage":"es","@id":"https:\/\/spandalucia.com\/spacanalsur\/#\/schema\/person\/image\/","url":"https:\/\/secure.gravatar.com\/avatar\/53d83e22630d79f6452bef0b9e8249ac?s=96&d=mm&r=g","contentUrl":"https:\/\/secure.gravatar.com\/avatar\/53d83e22630d79f6452bef0b9e8249ac?s=96&d=mm&r=g","caption":"spacanalsur"},"url":"https:\/\/spandalucia.com\/spacanalsur\/author\/spacanalsur\/"}]}},"_links":{"self":[{"href":"https:\/\/spandalucia.com\/spacanalsur\/wp-json\/wp\/v2\/posts\/223"}],"collection":[{"href":"https:\/\/spandalucia.com\/spacanalsur\/wp-json\/wp\/v2\/posts"}],"about":[{"href":"https:\/\/spandalucia.com\/spacanalsur\/wp-json\/wp\/v2\/types\/post"}],"author":[{"embeddable":true,"href":"https:\/\/spandalucia.com\/spacanalsur\/wp-json\/wp\/v2\/users\/2"}],"replies":[{"embeddable":true,"href":"https:\/\/spandalucia.com\/spacanalsur\/wp-json\/wp\/v2\/comments?post=223"}],"version-history":[{"count":2,"href":"https:\/\/spandalucia.com\/spacanalsur\/wp-json\/wp\/v2\/posts\/223\/revisions"}],"predecessor-version":[{"id":227,"href":"https:\/\/spandalucia.com\/spacanalsur\/wp-json\/wp\/v2\/posts\/223\/revisions\/227"}],"wp:attachment":[{"href":"https:\/\/spandalucia.com\/spacanalsur\/wp-json\/wp\/v2\/media?parent=223"}],"wp:term":[{"taxonomy":"category","embeddable":true,"href":"https:\/\/spandalucia.com\/spacanalsur\/wp-json\/wp\/v2\/categories?post=223"},{"taxonomy":"post_tag","embeddable":true,"href":"https:\/\/spandalucia.com\/spacanalsur\/wp-json\/wp\/v2\/tags?post=223"}],"curies":[{"name":"wp","href":"https:\/\/api.w.org\/{rel}","templated":true}]}}