{"id":282,"date":"2019-04-11T17:40:00","date_gmt":"2019-04-11T17:40:00","guid":{"rendered":"http:\/\/spandalucia.com\/spacanalsur\/?p=282"},"modified":"2021-02-16T17:41:39","modified_gmt":"2021-02-16T17:41:39","slug":"el-fracaso-de-la-delegacion-de-igualdad-de-genero","status":"publish","type":"post","link":"https:\/\/spandalucia.com\/spacanalsur\/el-fracaso-de-la-delegacion-de-igualdad-de-genero\/","title":{"rendered":"EL \u00abFRACASO\u00bb DE LA DELEGACI\u00d3N DE IGUALDAD DE GENERO"},"content":{"rendered":"\n<p>Hace ya m\u00e1s de un a\u00f1o que nos enteramos por los medios de comunicaci\u00f3n que el subdirector general, Joaqu\u00edn Dur\u00e1n Ayo, <a rel=\"noreferrer noopener\" href=\"http:\/\/www.canalsur.es\/rtva\/canal-sur-crea-una-delegacion-para-la-igualdad-de-genero-al-frente-de-la-que-estara-la-periodista-ines-alba\/1256361.html\" target=\"_blank\">hab\u00eda anunciado \u00aba bombo y platillo\u00bb que se creaba una Delegaci\u00f3n de Igualdad de G\u00e9nero en nuestra empresa <\/a>y que la responsabilidad de dicha delegaci\u00f3n reca\u00eda en la ex-directora de operativa de Canal Sur Radio y Televisi\u00f3n Multimedia, In\u00e9s Alba Cordero. &nbsp;<\/p>\n\n\n\n<p>Transcurridos 14 meses desde entonces, no podemos m\u00e1s que decir que su papel al frente de esta delegaci\u00f3n ha pasado sin pena ni gloria, por no decir que ha resultado ser un aut\u00e9ntico fiasco. Algo que para la secci\u00f3n sindical del SPA en RTVA y CSRTV tiene su cierta l\u00f3gica, puesto que In\u00e9s Alba Cordero al poco tiempo de su nombramiento como delegada de Igualdad solicit\u00f3 su jubilaci\u00f3n parcial. Petici\u00f3n que le fue concedida en septiembre pasado, lo que le permiti\u00f3 disfrutar de ella los \u00faltimos tres meses de 2018. Jubilaci\u00f3n parcial de la que est\u00e1 de nuevo disfrutando al haberse jubilado al 75 por ciento y haber acumulado el 25 por ciento de su jornada laboral anual en los tres primeros meses de este a\u00f1o, lo que quiere decir que estaremos sin la responsable de la Delegaci\u00f3n de Igualdad de G\u00e9nero hasta enero de 2020. &nbsp; <\/p>\n\n\n\n<p>Pero esto no es todo, puesto que la creaci\u00f3n de la Delegaci\u00f3n de Igualdad de G\u00e9nero y nombramiento de In\u00e9s Alba Cordero como responsable de la misma fue un tanto irregular, si tenemos en cuenta que la <a rel=\"noreferrer noopener\" href=\"https:\/\/gallery.mailchimp.com\/72542fea07e3f0bf346b64473\/files\/052f3ec4-39aa-471a-92b8-b54197cbb442\/Creacion_Delegacion_Igualdad.pdf\" target=\"_blank\">Disposici\u00f3n de la de la Subdirecci\u00f3n General de RTVA, de 26 de febrero de 2018, por la que se crea la Delegaci\u00f3n para la Igualdad de G\u00e9nero<\/a> de RTVA y Canal Sur Radio y Televisi\u00f3n S.A., dice textualmente: \u00abDese cuenta del contenido de esta Instrucci\u00f3n al Consejo de Administraci\u00f3n y al \u00f3rgano de representaci\u00f3n de los trabajadores de la Agencia P\u00fablica Empresarial de la RTVA y Canal Sur Radio y Televisi\u00f3n S.A.\u00bb. <a rel=\"noreferrer noopener\" href=\"https:\/\/gallery.mailchimp.com\/72542fea07e3f0bf346b64473\/files\/d36c53f5-7259-4482-85ce-32391ba83ee8\/Correo_de_RRHH_documentos_creaci\u00f3n_Delegaci\u00f3n_Igualdad_de_G\u00e9nero.pdf\" target=\"_blank\">Orden que no se cumpli\u00f3 hasta el 31 de enero de 2019<\/a>, es decir que hasta once meses despu\u00e9s se informa a los representantes sindicales de la Comisi\u00f3n de Igualdad de la existencia de dos instrucciones, la de creaci\u00f3n y <a rel=\"noreferrer noopener\" href=\"https:\/\/gallery.mailchimp.com\/72542fea07e3f0bf346b64473\/files\/5b7b67b6-194c-4e4f-8f58-2421410e3762\/Desarrollo_Delegacion_Igualdad.pdf\" target=\"_blank\">la de desarrollo de esta Delegaci\u00f3n.<\/a> &nbsp; <\/p>\n\n\n\n<p>Ante esta situaci\u00f3n, desde la <a rel=\"noreferrer noopener\" href=\"https:\/\/gallery.mailchimp.com\/72542fea07e3f0bf346b64473\/files\/77e36a8e-d7ac-4475-b2d6-682518177afa\/Registro_SPA_a_Direcci\u00f3n_sobre_delegaci\u00f3n_Igualdad_de_G\u00e9nero.pdf\" target=\"_blank\">Secci\u00f3n Sindical del SPA en RTVA y CSRTV nos hemos dirigido a Joaqu\u00edn Dur\u00e1n Ayo manifestando nuestra preocupaci\u00f3n por la falta de informaci\u00f3n respecto a las actividades que ha promovido, impulsado o desarrollado la Delegaci\u00f3n de Igualdad de G\u00e9nero<\/a>. En dicho escrito, planteamos tambi\u00e9n nuestra inquietud porque no se ha establecido ning\u00fan procedimiento o protocolo que permita por ejemplo a la plantilla de esta empresa, o a la ciudadan\u00eda andaluza, ponerse en contacto con la delegada de Igualdad de G\u00e9nero para alertarla de posibles situaciones de desigualdad en los contenidos de alg\u00fan programa. Tambi\u00e9n llamamos su atenci\u00f3n sobre el hecho de que la responsable de la Delegaci\u00f3n de Igualdad de G\u00e9nero, In\u00e9s Alba Cordero, se ha jubilado parcialmente, por lo que no podemos evitar pensar que la creaci\u00f3n de dicha Delegaci\u00f3n respondi\u00f3 m\u00e1s a una operaci\u00f3n de marketing de cara a la galer\u00eda que a un compromiso serio en defensa de la Igualdad entre hombres y mujeres. Por \u00faltimo, le pedimos que nos informe c\u00f3mo se va a complementar el tiempo que In\u00e9s Alba Cordero no est\u00e1 dedicando a sus tareas y funciones como delegada de Igualdad de G\u00e9nero. &nbsp;<\/p>\n","protected":false},"excerpt":{"rendered":"<p>Hace ya m\u00e1s de un a\u00f1o que nos enteramos por los medios de comunicaci\u00f3n que el subdirector general, Joaqu\u00edn Dur\u00e1n Ayo, hab\u00eda anunciado \u00aba bombo y platillo\u00bb que se creaba una Delegaci\u00f3n de Igualdad de G\u00e9nero en nuestra empresa y que la responsabilidad de dicha delegaci\u00f3n reca\u00eda en la ex-directora de operativa de Canal Sur [&hellip;]<\/p>\n","protected":false},"author":2,"featured_media":0,"comment_status":"open","ping_status":"open","sticky":false,"template":"","format":"standard","meta":[],"categories":[1],"tags":[],"acf":[],"yoast_head":"<!-- This site is optimized with the Yoast SEO plugin v19.0 - https:\/\/yoast.com\/wordpress\/plugins\/seo\/ -->\n<title>EL &quot;FRACASO&quot; DE LA DELEGACI\u00d3N DE IGUALDAD DE GENERO - Secci\u00f3n Sindical del SPA en RTVA y CSRTV<\/title>\n<meta name=\"robots\" content=\"index, follow, max-snippet:-1, max-image-preview:large, max-video-preview:-1\" \/>\n<link rel=\"canonical\" href=\"https:\/\/spandalucia.com\/spacanalsur\/el-fracaso-de-la-delegacion-de-igualdad-de-genero\/\" \/>\n<meta property=\"og:locale\" content=\"es_ES\" \/>\n<meta property=\"og:type\" content=\"article\" \/>\n<meta property=\"og:title\" content=\"EL &quot;FRACASO&quot; DE LA DELEGACI\u00d3N DE IGUALDAD DE GENERO - Secci\u00f3n Sindical del SPA en RTVA y CSRTV\" \/>\n<meta property=\"og:description\" content=\"Hace ya m\u00e1s de un a\u00f1o que nos enteramos por los medios de comunicaci\u00f3n que el subdirector general, Joaqu\u00edn Dur\u00e1n Ayo, hab\u00eda anunciado \u00aba bombo y platillo\u00bb que se creaba una Delegaci\u00f3n de Igualdad de G\u00e9nero en nuestra empresa y que la responsabilidad de dicha delegaci\u00f3n reca\u00eda en la ex-directora de operativa de Canal Sur [&hellip;]\" \/>\n<meta property=\"og:url\" content=\"https:\/\/spandalucia.com\/spacanalsur\/el-fracaso-de-la-delegacion-de-igualdad-de-genero\/\" \/>\n<meta property=\"og:site_name\" content=\"Secci\u00f3n Sindical del SPA en RTVA y CSRTV\" \/>\n<meta property=\"article:published_time\" content=\"2019-04-11T17:40:00+00:00\" \/>\n<meta property=\"article:modified_time\" content=\"2021-02-16T17:41:39+00:00\" \/>\n<meta name=\"twitter:card\" content=\"summary_large_image\" \/>\n<meta name=\"twitter:label1\" content=\"Escrito por\" \/>\n\t<meta name=\"twitter:data1\" content=\"spacanalsur\" \/>\n\t<meta name=\"twitter:label2\" content=\"Tiempo de lectura\" \/>\n\t<meta name=\"twitter:data2\" content=\"3 minutos\" \/>\n<script type=\"application\/ld+json\" class=\"yoast-schema-graph\">{\"@context\":\"https:\/\/schema.org\",\"@graph\":[{\"@type\":\"WebSite\",\"@id\":\"https:\/\/spandalucia.com\/spacanalsur\/#website\",\"url\":\"https:\/\/spandalucia.com\/spacanalsur\/\",\"name\":\"Secci\u00f3n Sindical del SPA en RTVA y CSRTV\",\"description\":\"P\u00e1gina de informaci\u00f3n de la Secci\u00f3n Sindical del SPA en Canal Sur\",\"potentialAction\":[{\"@type\":\"SearchAction\",\"target\":{\"@type\":\"EntryPoint\",\"urlTemplate\":\"https:\/\/spandalucia.com\/spacanalsur\/?s={search_term_string}\"},\"query-input\":\"required name=search_term_string\"}],\"inLanguage\":\"es\"},{\"@type\":\"WebPage\",\"@id\":\"https:\/\/spandalucia.com\/spacanalsur\/el-fracaso-de-la-delegacion-de-igualdad-de-genero\/#webpage\",\"url\":\"https:\/\/spandalucia.com\/spacanalsur\/el-fracaso-de-la-delegacion-de-igualdad-de-genero\/\",\"name\":\"EL \\\"FRACASO\\\" DE LA DELEGACI\u00d3N DE IGUALDAD DE GENERO - Secci\u00f3n Sindical del SPA en RTVA y CSRTV\",\"isPartOf\":{\"@id\":\"https:\/\/spandalucia.com\/spacanalsur\/#website\"},\"datePublished\":\"2019-04-11T17:40:00+00:00\",\"dateModified\":\"2021-02-16T17:41:39+00:00\",\"author\":{\"@id\":\"https:\/\/spandalucia.com\/spacanalsur\/#\/schema\/person\/5605724d9677a9e6124a0f8d0fc47402\"},\"breadcrumb\":{\"@id\":\"https:\/\/spandalucia.com\/spacanalsur\/el-fracaso-de-la-delegacion-de-igualdad-de-genero\/#breadcrumb\"},\"inLanguage\":\"es\",\"potentialAction\":[{\"@type\":\"ReadAction\",\"target\":[\"https:\/\/spandalucia.com\/spacanalsur\/el-fracaso-de-la-delegacion-de-igualdad-de-genero\/\"]}]},{\"@type\":\"BreadcrumbList\",\"@id\":\"https:\/\/spandalucia.com\/spacanalsur\/el-fracaso-de-la-delegacion-de-igualdad-de-genero\/#breadcrumb\",\"itemListElement\":[{\"@type\":\"ListItem\",\"position\":1,\"name\":\"Portada\",\"item\":\"https:\/\/spandalucia.com\/spacanalsur\/\"},{\"@type\":\"ListItem\",\"position\":2,\"name\":\"EL \u00abFRACASO\u00bb DE LA DELEGACI\u00d3N DE IGUALDAD DE GENERO\"}]},{\"@type\":\"Person\",\"@id\":\"https:\/\/spandalucia.com\/spacanalsur\/#\/schema\/person\/5605724d9677a9e6124a0f8d0fc47402\",\"name\":\"spacanalsur\",\"image\":{\"@type\":\"ImageObject\",\"inLanguage\":\"es\",\"@id\":\"https:\/\/spandalucia.com\/spacanalsur\/#\/schema\/person\/image\/\",\"url\":\"https:\/\/secure.gravatar.com\/avatar\/53d83e22630d79f6452bef0b9e8249ac?s=96&d=mm&r=g\",\"contentUrl\":\"https:\/\/secure.gravatar.com\/avatar\/53d83e22630d79f6452bef0b9e8249ac?s=96&d=mm&r=g\",\"caption\":\"spacanalsur\"},\"url\":\"https:\/\/spandalucia.com\/spacanalsur\/author\/spacanalsur\/\"}]}<\/script>\n<!-- \/ Yoast SEO plugin. -->","yoast_head_json":{"title":"EL \"FRACASO\" DE LA DELEGACI\u00d3N DE IGUALDAD DE GENERO - Secci\u00f3n Sindical del SPA en RTVA y CSRTV","robots":{"index":"index","follow":"follow","max-snippet":"max-snippet:-1","max-image-preview":"max-image-preview:large","max-video-preview":"max-video-preview:-1"},"canonical":"https:\/\/spandalucia.com\/spacanalsur\/el-fracaso-de-la-delegacion-de-igualdad-de-genero\/","og_locale":"es_ES","og_type":"article","og_title":"EL \"FRACASO\" DE LA DELEGACI\u00d3N DE IGUALDAD DE GENERO - Secci\u00f3n Sindical del SPA en RTVA y CSRTV","og_description":"Hace ya m\u00e1s de un a\u00f1o que nos enteramos por los medios de comunicaci\u00f3n que el subdirector general, Joaqu\u00edn Dur\u00e1n Ayo, hab\u00eda anunciado \u00aba bombo y platillo\u00bb que se creaba una Delegaci\u00f3n de Igualdad de G\u00e9nero en nuestra empresa y que la responsabilidad de dicha delegaci\u00f3n reca\u00eda en la ex-directora de operativa de Canal Sur [&hellip;]","og_url":"https:\/\/spandalucia.com\/spacanalsur\/el-fracaso-de-la-delegacion-de-igualdad-de-genero\/","og_site_name":"Secci\u00f3n Sindical del SPA en RTVA y CSRTV","article_published_time":"2019-04-11T17:40:00+00:00","article_modified_time":"2021-02-16T17:41:39+00:00","twitter_card":"summary_large_image","twitter_misc":{"Escrito por":"spacanalsur","Tiempo de lectura":"3 minutos"},"schema":{"@context":"https:\/\/schema.org","@graph":[{"@type":"WebSite","@id":"https:\/\/spandalucia.com\/spacanalsur\/#website","url":"https:\/\/spandalucia.com\/spacanalsur\/","name":"Secci\u00f3n Sindical del SPA en RTVA y CSRTV","description":"P\u00e1gina de informaci\u00f3n de la Secci\u00f3n Sindical del SPA en Canal Sur","potentialAction":[{"@type":"SearchAction","target":{"@type":"EntryPoint","urlTemplate":"https:\/\/spandalucia.com\/spacanalsur\/?s={search_term_string}"},"query-input":"required name=search_term_string"}],"inLanguage":"es"},{"@type":"WebPage","@id":"https:\/\/spandalucia.com\/spacanalsur\/el-fracaso-de-la-delegacion-de-igualdad-de-genero\/#webpage","url":"https:\/\/spandalucia.com\/spacanalsur\/el-fracaso-de-la-delegacion-de-igualdad-de-genero\/","name":"EL \"FRACASO\" DE LA DELEGACI\u00d3N DE IGUALDAD DE GENERO - Secci\u00f3n Sindical del SPA en RTVA y CSRTV","isPartOf":{"@id":"https:\/\/spandalucia.com\/spacanalsur\/#website"},"datePublished":"2019-04-11T17:40:00+00:00","dateModified":"2021-02-16T17:41:39+00:00","author":{"@id":"https:\/\/spandalucia.com\/spacanalsur\/#\/schema\/person\/5605724d9677a9e6124a0f8d0fc47402"},"breadcrumb":{"@id":"https:\/\/spandalucia.com\/spacanalsur\/el-fracaso-de-la-delegacion-de-igualdad-de-genero\/#breadcrumb"},"inLanguage":"es","potentialAction":[{"@type":"ReadAction","target":["https:\/\/spandalucia.com\/spacanalsur\/el-fracaso-de-la-delegacion-de-igualdad-de-genero\/"]}]},{"@type":"BreadcrumbList","@id":"https:\/\/spandalucia.com\/spacanalsur\/el-fracaso-de-la-delegacion-de-igualdad-de-genero\/#breadcrumb","itemListElement":[{"@type":"ListItem","position":1,"name":"Portada","item":"https:\/\/spandalucia.com\/spacanalsur\/"},{"@type":"ListItem","position":2,"name":"EL \u00abFRACASO\u00bb DE LA DELEGACI\u00d3N DE IGUALDAD DE GENERO"}]},{"@type":"Person","@id":"https:\/\/spandalucia.com\/spacanalsur\/#\/schema\/person\/5605724d9677a9e6124a0f8d0fc47402","name":"spacanalsur","image":{"@type":"ImageObject","inLanguage":"es","@id":"https:\/\/spandalucia.com\/spacanalsur\/#\/schema\/person\/image\/","url":"https:\/\/secure.gravatar.com\/avatar\/53d83e22630d79f6452bef0b9e8249ac?s=96&d=mm&r=g","contentUrl":"https:\/\/secure.gravatar.com\/avatar\/53d83e22630d79f6452bef0b9e8249ac?s=96&d=mm&r=g","caption":"spacanalsur"},"url":"https:\/\/spandalucia.com\/spacanalsur\/author\/spacanalsur\/"}]}},"_links":{"self":[{"href":"https:\/\/spandalucia.com\/spacanalsur\/wp-json\/wp\/v2\/posts\/282"}],"collection":[{"href":"https:\/\/spandalucia.com\/spacanalsur\/wp-json\/wp\/v2\/posts"}],"about":[{"href":"https:\/\/spandalucia.com\/spacanalsur\/wp-json\/wp\/v2\/types\/post"}],"author":[{"embeddable":true,"href":"https:\/\/spandalucia.com\/spacanalsur\/wp-json\/wp\/v2\/users\/2"}],"replies":[{"embeddable":true,"href":"https:\/\/spandalucia.com\/spacanalsur\/wp-json\/wp\/v2\/comments?post=282"}],"version-history":[{"count":2,"href":"https:\/\/spandalucia.com\/spacanalsur\/wp-json\/wp\/v2\/posts\/282\/revisions"}],"predecessor-version":[{"id":284,"href":"https:\/\/spandalucia.com\/spacanalsur\/wp-json\/wp\/v2\/posts\/282\/revisions\/284"}],"wp:attachment":[{"href":"https:\/\/spandalucia.com\/spacanalsur\/wp-json\/wp\/v2\/media?parent=282"}],"wp:term":[{"taxonomy":"category","embeddable":true,"href":"https:\/\/spandalucia.com\/spacanalsur\/wp-json\/wp\/v2\/categories?post=282"},{"taxonomy":"post_tag","embeddable":true,"href":"https:\/\/spandalucia.com\/spacanalsur\/wp-json\/wp\/v2\/tags?post=282"}],"curies":[{"name":"wp","href":"https:\/\/api.w.org\/{rel}","templated":true}]}}