{"id":306,"date":"2019-05-03T18:08:00","date_gmt":"2019-05-03T18:08:00","guid":{"rendered":"http:\/\/spandalucia.com\/spacanalsur\/?p=306"},"modified":"2021-02-16T18:08:47","modified_gmt":"2021-02-16T18:08:47","slug":"el-spa-se-felicita-por-el-acuerdo-parlamentario-para-la-renovacion-de-canal-sur-y-el-consejo-audiovisual","status":"publish","type":"post","link":"https:\/\/spandalucia.com\/spacanalsur\/el-spa-se-felicita-por-el-acuerdo-parlamentario-para-la-renovacion-de-canal-sur-y-el-consejo-audiovisual\/","title":{"rendered":"El SPA se felicita por el acuerdo parlamentario para la renovaci\u00f3n de Canal Sur y el Consejo Audiovisual"},"content":{"rendered":"\n<p><strong><em>Echamos en falta, sin embargo, la convocatoria de un concurso p\u00fablico; aunque valoramos el perfil y la val\u00eda profesional de los designados.<\/em><\/strong><\/p>\n\n\n\n<p><strong><em>Aplaudimos la incorporaci\u00f3n de un representante de los trabajadores \u2013con voz pero sin voto- al consejo de administraci\u00f3n<\/em><\/strong>.<\/p>\n\n\n\n<p>El Sindicato de Periodistas de Andaluc\u00eda (SPA) se felicita y valora el acuerdo parlamentario alcanzado por Partido Popular, Ciudadanos y PSOE para la renovaci\u00f3n de los \u00f3rganos de extracci\u00f3n parlamentaria, entre ellos, Canal Sur y el Consejo Audiovisual de Andaluc\u00eda. Un acuerdo por mayor\u00eda cualificada (al que se ha sumado Vox y cuyo apoyo est\u00e1 valorando el grupo parlamentario Adelante Andaluc\u00eda) que pone fin a una anomal\u00eda institucional. Canal Sur est\u00e1 dirigido por una subdirector general en funciones desde marzo de 2013 y un Consejo de Administraci\u00f3n que tiene agotado su mandato desde 2014. El Consejo Audiovisual debi\u00f3 renovarse en 2016.<br><br><strong>Perfil profesional<\/strong><br><br>Asimismo, desde el SPA nos felicitamos por las personas elegidas, de acusado perfil profesional. Tanto Rafael Porras y Juan de Dios Mellado en el Consejo de Administraci\u00f3n y la Direcci\u00f3n General de Canal Sur como Antonio Checa para presidir el Consejo Audiovisual de Andaluc\u00eda son profesionales de reconocido prestigio y brillante trayectoria profesional que estamos seguros desempe\u00f1ar\u00e1n con eficacia su trabajo.<br><br><strong>Representante sindical en el Consejo<\/strong><br><br>Tambi\u00e9n es un importante acuerdo la incorporaci\u00f3n (aunque con voz pero sin voto) al Consejo de Administraci\u00f3n de Canal Sur de un representante de los trabajadores. Una demanda de los sindicatos, en l\u00ednea con lo que recoge el Estatuto de los Trabajadores (Art. 4.1G) para dar participaci\u00f3n a los sindicatos en la empresa y que a\u00fan est\u00e1 por desarrollar en nuestro pa\u00eds, a diferencia de lo que ocurre en muchos pa\u00edses de la Uni\u00f3n Europea como Francia, Alemania, o Chequia.<br><br><strong>Concurso p\u00fablico<\/strong><br><br>Echamos, sin embargo, de menos la convocatoria de un concurso p\u00fablico, como s\u00ed han acordado en Madrid para RTVE los mismos partidos PSOE, PP y Ciudadanos, que aqu\u00ed han alcanzado este acuerdo, para Canal Sur. La elecci\u00f3n de esos cargos por concurso p\u00fablico, que el SPA viene reclamando desde hace tiempo, lleg\u00f3 a ser planteada aunque sin \u00e9xito por Ciudadanos en el Parlamento andaluz hace menos de un a\u00f1o.<br><br><strong>Limitaci\u00f3n de mandato<\/strong><br><br>De igual manera, el SPA no puede compartir la limitaci\u00f3n acordada del mandato de Canal Sur y el Consejo Audiovisual a una legislatura. La perdurabilidad de seis a\u00f1os en el cargo, como contempla actualmente la ley, m\u00e1s all\u00e1 del Parlamento que lo nombr\u00f3, es una garant\u00eda de independencia de ambas instituciones, ya que su destino no estar\u00e1 ligado a la reelecci\u00f3n o no de quienes los nombran.<br><br><strong>Reducci\u00f3n de consejeros<\/strong><br><br>Por otro lado, es una buena noticia la reducci\u00f3n de 15 a 9 de los miembros tanto del Consejo Audiovisual como del Consejo de Administraci\u00f3n de Canal Sur (desde el SPA lo venimos reclamando desde 2013), lo que le da una dimensi\u00f3n m\u00e1s aproximada a la de otros medios p\u00fablicos similares (RTVE tiene 10), y permitir\u00e1 realizar la misma funci\u00f3n con un menor coste.&nbsp;<br>&nbsp;<br>&nbsp;<\/p>\n","protected":false},"excerpt":{"rendered":"<p>Echamos en falta, sin embargo, la convocatoria de un concurso p\u00fablico; aunque valoramos el perfil y la val\u00eda profesional de los designados. Aplaudimos la incorporaci\u00f3n de un representante de los trabajadores \u2013con voz pero sin voto- al consejo de administraci\u00f3n. El Sindicato de Periodistas de Andaluc\u00eda (SPA) se felicita y valora el acuerdo parlamentario alcanzado [&hellip;]<\/p>\n","protected":false},"author":2,"featured_media":0,"comment_status":"open","ping_status":"open","sticky":false,"template":"","format":"standard","meta":[],"categories":[1],"tags":[],"acf":[],"yoast_head":"<!-- This site is optimized with the Yoast SEO plugin v19.0 - https:\/\/yoast.com\/wordpress\/plugins\/seo\/ -->\n<title>El SPA se felicita por el acuerdo parlamentario para la renovaci\u00f3n de Canal Sur y el Consejo Audiovisual - Secci\u00f3n Sindical del SPA en RTVA y CSRTV<\/title>\n<meta name=\"robots\" content=\"index, follow, max-snippet:-1, max-image-preview:large, max-video-preview:-1\" \/>\n<link rel=\"canonical\" href=\"https:\/\/spandalucia.com\/spacanalsur\/el-spa-se-felicita-por-el-acuerdo-parlamentario-para-la-renovacion-de-canal-sur-y-el-consejo-audiovisual\/\" \/>\n<meta property=\"og:locale\" content=\"es_ES\" \/>\n<meta property=\"og:type\" content=\"article\" \/>\n<meta property=\"og:title\" content=\"El SPA se felicita por el acuerdo parlamentario para la renovaci\u00f3n de Canal Sur y el Consejo Audiovisual - Secci\u00f3n Sindical del SPA en RTVA y CSRTV\" \/>\n<meta property=\"og:description\" content=\"Echamos en falta, sin embargo, la convocatoria de un concurso p\u00fablico; aunque valoramos el perfil y la val\u00eda profesional de los designados. Aplaudimos la incorporaci\u00f3n de un representante de los trabajadores \u2013con voz pero sin voto- al consejo de administraci\u00f3n. El Sindicato de Periodistas de Andaluc\u00eda (SPA) se felicita y valora el acuerdo parlamentario alcanzado [&hellip;]\" \/>\n<meta property=\"og:url\" content=\"https:\/\/spandalucia.com\/spacanalsur\/el-spa-se-felicita-por-el-acuerdo-parlamentario-para-la-renovacion-de-canal-sur-y-el-consejo-audiovisual\/\" \/>\n<meta property=\"og:site_name\" content=\"Secci\u00f3n Sindical del SPA en RTVA y CSRTV\" \/>\n<meta property=\"article:published_time\" content=\"2019-05-03T18:08:00+00:00\" \/>\n<meta property=\"article:modified_time\" content=\"2021-02-16T18:08:47+00:00\" \/>\n<meta name=\"twitter:card\" content=\"summary_large_image\" \/>\n<meta name=\"twitter:label1\" content=\"Escrito por\" \/>\n\t<meta name=\"twitter:data1\" content=\"spacanalsur\" \/>\n\t<meta name=\"twitter:label2\" content=\"Tiempo de lectura\" \/>\n\t<meta name=\"twitter:data2\" content=\"3 minutos\" \/>\n<script type=\"application\/ld+json\" class=\"yoast-schema-graph\">{\"@context\":\"https:\/\/schema.org\",\"@graph\":[{\"@type\":\"WebSite\",\"@id\":\"https:\/\/spandalucia.com\/spacanalsur\/#website\",\"url\":\"https:\/\/spandalucia.com\/spacanalsur\/\",\"name\":\"Secci\u00f3n Sindical del SPA en RTVA y CSRTV\",\"description\":\"P\u00e1gina de informaci\u00f3n de la Secci\u00f3n Sindical del SPA en Canal Sur\",\"potentialAction\":[{\"@type\":\"SearchAction\",\"target\":{\"@type\":\"EntryPoint\",\"urlTemplate\":\"https:\/\/spandalucia.com\/spacanalsur\/?s={search_term_string}\"},\"query-input\":\"required name=search_term_string\"}],\"inLanguage\":\"es\"},{\"@type\":\"WebPage\",\"@id\":\"https:\/\/spandalucia.com\/spacanalsur\/el-spa-se-felicita-por-el-acuerdo-parlamentario-para-la-renovacion-de-canal-sur-y-el-consejo-audiovisual\/#webpage\",\"url\":\"https:\/\/spandalucia.com\/spacanalsur\/el-spa-se-felicita-por-el-acuerdo-parlamentario-para-la-renovacion-de-canal-sur-y-el-consejo-audiovisual\/\",\"name\":\"El SPA se felicita por el acuerdo parlamentario para la renovaci\u00f3n de Canal Sur y el Consejo Audiovisual - Secci\u00f3n Sindical del SPA en RTVA y CSRTV\",\"isPartOf\":{\"@id\":\"https:\/\/spandalucia.com\/spacanalsur\/#website\"},\"datePublished\":\"2019-05-03T18:08:00+00:00\",\"dateModified\":\"2021-02-16T18:08:47+00:00\",\"author\":{\"@id\":\"https:\/\/spandalucia.com\/spacanalsur\/#\/schema\/person\/5605724d9677a9e6124a0f8d0fc47402\"},\"breadcrumb\":{\"@id\":\"https:\/\/spandalucia.com\/spacanalsur\/el-spa-se-felicita-por-el-acuerdo-parlamentario-para-la-renovacion-de-canal-sur-y-el-consejo-audiovisual\/#breadcrumb\"},\"inLanguage\":\"es\",\"potentialAction\":[{\"@type\":\"ReadAction\",\"target\":[\"https:\/\/spandalucia.com\/spacanalsur\/el-spa-se-felicita-por-el-acuerdo-parlamentario-para-la-renovacion-de-canal-sur-y-el-consejo-audiovisual\/\"]}]},{\"@type\":\"BreadcrumbList\",\"@id\":\"https:\/\/spandalucia.com\/spacanalsur\/el-spa-se-felicita-por-el-acuerdo-parlamentario-para-la-renovacion-de-canal-sur-y-el-consejo-audiovisual\/#breadcrumb\",\"itemListElement\":[{\"@type\":\"ListItem\",\"position\":1,\"name\":\"Portada\",\"item\":\"https:\/\/spandalucia.com\/spacanalsur\/\"},{\"@type\":\"ListItem\",\"position\":2,\"name\":\"El SPA se felicita por el acuerdo parlamentario para la renovaci\u00f3n de Canal Sur y el Consejo Audiovisual\"}]},{\"@type\":\"Person\",\"@id\":\"https:\/\/spandalucia.com\/spacanalsur\/#\/schema\/person\/5605724d9677a9e6124a0f8d0fc47402\",\"name\":\"spacanalsur\",\"image\":{\"@type\":\"ImageObject\",\"inLanguage\":\"es\",\"@id\":\"https:\/\/spandalucia.com\/spacanalsur\/#\/schema\/person\/image\/\",\"url\":\"https:\/\/secure.gravatar.com\/avatar\/53d83e22630d79f6452bef0b9e8249ac?s=96&d=mm&r=g\",\"contentUrl\":\"https:\/\/secure.gravatar.com\/avatar\/53d83e22630d79f6452bef0b9e8249ac?s=96&d=mm&r=g\",\"caption\":\"spacanalsur\"},\"url\":\"https:\/\/spandalucia.com\/spacanalsur\/author\/spacanalsur\/\"}]}<\/script>\n<!-- \/ Yoast SEO plugin. -->","yoast_head_json":{"title":"El SPA se felicita por el acuerdo parlamentario para la renovaci\u00f3n de Canal Sur y el Consejo Audiovisual - Secci\u00f3n Sindical del SPA en RTVA y CSRTV","robots":{"index":"index","follow":"follow","max-snippet":"max-snippet:-1","max-image-preview":"max-image-preview:large","max-video-preview":"max-video-preview:-1"},"canonical":"https:\/\/spandalucia.com\/spacanalsur\/el-spa-se-felicita-por-el-acuerdo-parlamentario-para-la-renovacion-de-canal-sur-y-el-consejo-audiovisual\/","og_locale":"es_ES","og_type":"article","og_title":"El SPA se felicita por el acuerdo parlamentario para la renovaci\u00f3n de Canal Sur y el Consejo Audiovisual - Secci\u00f3n Sindical del SPA en RTVA y CSRTV","og_description":"Echamos en falta, sin embargo, la convocatoria de un concurso p\u00fablico; aunque valoramos el perfil y la val\u00eda profesional de los designados. Aplaudimos la incorporaci\u00f3n de un representante de los trabajadores \u2013con voz pero sin voto- al consejo de administraci\u00f3n. El Sindicato de Periodistas de Andaluc\u00eda (SPA) se felicita y valora el acuerdo parlamentario alcanzado [&hellip;]","og_url":"https:\/\/spandalucia.com\/spacanalsur\/el-spa-se-felicita-por-el-acuerdo-parlamentario-para-la-renovacion-de-canal-sur-y-el-consejo-audiovisual\/","og_site_name":"Secci\u00f3n Sindical del SPA en RTVA y CSRTV","article_published_time":"2019-05-03T18:08:00+00:00","article_modified_time":"2021-02-16T18:08:47+00:00","twitter_card":"summary_large_image","twitter_misc":{"Escrito por":"spacanalsur","Tiempo de lectura":"3 minutos"},"schema":{"@context":"https:\/\/schema.org","@graph":[{"@type":"WebSite","@id":"https:\/\/spandalucia.com\/spacanalsur\/#website","url":"https:\/\/spandalucia.com\/spacanalsur\/","name":"Secci\u00f3n Sindical del SPA en RTVA y CSRTV","description":"P\u00e1gina de informaci\u00f3n de la Secci\u00f3n Sindical del SPA en Canal Sur","potentialAction":[{"@type":"SearchAction","target":{"@type":"EntryPoint","urlTemplate":"https:\/\/spandalucia.com\/spacanalsur\/?s={search_term_string}"},"query-input":"required name=search_term_string"}],"inLanguage":"es"},{"@type":"WebPage","@id":"https:\/\/spandalucia.com\/spacanalsur\/el-spa-se-felicita-por-el-acuerdo-parlamentario-para-la-renovacion-de-canal-sur-y-el-consejo-audiovisual\/#webpage","url":"https:\/\/spandalucia.com\/spacanalsur\/el-spa-se-felicita-por-el-acuerdo-parlamentario-para-la-renovacion-de-canal-sur-y-el-consejo-audiovisual\/","name":"El SPA se felicita por el acuerdo parlamentario para la renovaci\u00f3n de Canal Sur y el Consejo Audiovisual - Secci\u00f3n Sindical del SPA en RTVA y CSRTV","isPartOf":{"@id":"https:\/\/spandalucia.com\/spacanalsur\/#website"},"datePublished":"2019-05-03T18:08:00+00:00","dateModified":"2021-02-16T18:08:47+00:00","author":{"@id":"https:\/\/spandalucia.com\/spacanalsur\/#\/schema\/person\/5605724d9677a9e6124a0f8d0fc47402"},"breadcrumb":{"@id":"https:\/\/spandalucia.com\/spacanalsur\/el-spa-se-felicita-por-el-acuerdo-parlamentario-para-la-renovacion-de-canal-sur-y-el-consejo-audiovisual\/#breadcrumb"},"inLanguage":"es","potentialAction":[{"@type":"ReadAction","target":["https:\/\/spandalucia.com\/spacanalsur\/el-spa-se-felicita-por-el-acuerdo-parlamentario-para-la-renovacion-de-canal-sur-y-el-consejo-audiovisual\/"]}]},{"@type":"BreadcrumbList","@id":"https:\/\/spandalucia.com\/spacanalsur\/el-spa-se-felicita-por-el-acuerdo-parlamentario-para-la-renovacion-de-canal-sur-y-el-consejo-audiovisual\/#breadcrumb","itemListElement":[{"@type":"ListItem","position":1,"name":"Portada","item":"https:\/\/spandalucia.com\/spacanalsur\/"},{"@type":"ListItem","position":2,"name":"El SPA se felicita por el acuerdo parlamentario para la renovaci\u00f3n de Canal Sur y el Consejo Audiovisual"}]},{"@type":"Person","@id":"https:\/\/spandalucia.com\/spacanalsur\/#\/schema\/person\/5605724d9677a9e6124a0f8d0fc47402","name":"spacanalsur","image":{"@type":"ImageObject","inLanguage":"es","@id":"https:\/\/spandalucia.com\/spacanalsur\/#\/schema\/person\/image\/","url":"https:\/\/secure.gravatar.com\/avatar\/53d83e22630d79f6452bef0b9e8249ac?s=96&d=mm&r=g","contentUrl":"https:\/\/secure.gravatar.com\/avatar\/53d83e22630d79f6452bef0b9e8249ac?s=96&d=mm&r=g","caption":"spacanalsur"},"url":"https:\/\/spandalucia.com\/spacanalsur\/author\/spacanalsur\/"}]}},"_links":{"self":[{"href":"https:\/\/spandalucia.com\/spacanalsur\/wp-json\/wp\/v2\/posts\/306"}],"collection":[{"href":"https:\/\/spandalucia.com\/spacanalsur\/wp-json\/wp\/v2\/posts"}],"about":[{"href":"https:\/\/spandalucia.com\/spacanalsur\/wp-json\/wp\/v2\/types\/post"}],"author":[{"embeddable":true,"href":"https:\/\/spandalucia.com\/spacanalsur\/wp-json\/wp\/v2\/users\/2"}],"replies":[{"embeddable":true,"href":"https:\/\/spandalucia.com\/spacanalsur\/wp-json\/wp\/v2\/comments?post=306"}],"version-history":[{"count":2,"href":"https:\/\/spandalucia.com\/spacanalsur\/wp-json\/wp\/v2\/posts\/306\/revisions"}],"predecessor-version":[{"id":308,"href":"https:\/\/spandalucia.com\/spacanalsur\/wp-json\/wp\/v2\/posts\/306\/revisions\/308"}],"wp:attachment":[{"href":"https:\/\/spandalucia.com\/spacanalsur\/wp-json\/wp\/v2\/media?parent=306"}],"wp:term":[{"taxonomy":"category","embeddable":true,"href":"https:\/\/spandalucia.com\/spacanalsur\/wp-json\/wp\/v2\/categories?post=306"},{"taxonomy":"post_tag","embeddable":true,"href":"https:\/\/spandalucia.com\/spacanalsur\/wp-json\/wp\/v2\/tags?post=306"}],"curies":[{"name":"wp","href":"https:\/\/api.w.org\/{rel}","templated":true}]}}