{"id":401,"date":"2020-03-20T21:09:00","date_gmt":"2020-03-20T21:09:00","guid":{"rendered":"http:\/\/spandalucia.com\/spacanalsur\/?p=401"},"modified":"2021-02-16T21:09:57","modified_gmt":"2021-02-16T21:09:57","slug":"el-tribunal-europeo-deja-en-manos-de-la-justicia-espanola-el-futuro-de-los-interinos-as","status":"publish","type":"post","link":"https:\/\/spandalucia.com\/spacanalsur\/el-tribunal-europeo-deja-en-manos-de-la-justicia-espanola-el-futuro-de-los-interinos-as\/","title":{"rendered":"El Tribunal Europeo deja en manos de la justicia espa\u00f1ola el futuro de los interinos\/as"},"content":{"rendered":"\n<p><strong>Garantiza como m\u00ednimo la indemnizaci\u00f3n por despido improcedente pero descarta la fijeza<\/strong>.<\/p>\n\n\n\n<p><strong>La Administraci\u00f3n podr\u00eda decretar alguna medida que evite las altas indemnizaciones o la avalancha de reclamaciones<\/strong>.<\/p>\n\n\n\n<p>La sentencia conocida este jueves 20 de marzo <strong>(la adjuntamos junto al resumen de prensa del propio tribunal)<\/strong> ha dejado en manos de la Justicia Espa\u00f1ola c\u00f3mo debe compensar a las personas que vienen encadenando contratos de interinidad sin causas objetivas y durante periodos injustificables para este tipo de contrataciones.<\/p>\n\n\n\n<p>Aunque hay algunos bufetes que han interpretado que podr\u00eda dejar abierta una puerta a la fijeza, (otros, en cambio, lo descartan) esa interpretaci\u00f3n quedar\u00e1 finalmente en manos de los jueces espa\u00f1oles, o de la Administraci\u00f3n central. El Tribunal Europeo reconoce los abusos pero no determina c\u00f3mo se aplica la sanci\u00f3n.<\/p>\n\n\n\n<p>Respecto a la soluci\u00f3n que podr\u00eda venir de la Administraci\u00f3n, la secretaria general para la Administraci\u00f3n P\u00fablica, Ana Vielba, ha dicho que, cuando pase la situaci\u00f3n de alarma decretada por la propagaci\u00f3n del coronavirus, buscar\u00e1n una soluci\u00f3n v\u00e1lida en sinton\u00eda con la sentencia del TJUE. Pero no ha aclarado de qu\u00e9 forma.<\/p>\n\n\n\n<p>Y es que si la indemnizaci\u00f3n m\u00ednima a percibir ser\u00eda la correspondiente por despido improcedente, estar\u00edamos hablando de una suma de dinero muy elevada: 33 d\u00edas por a\u00f1o trabajado, para los contratos posteriores al 12 de febrero de 2012, con un l\u00edmite de 24 mensualidades, a la que se le sumar\u00eda, para los contratos anteriores a esa fecha, una mixta de 45 d\u00edas por a\u00f1o trabajado, hasta un l\u00edmite de 42 mensualidades.<\/p>\n\n\n\n<p>El Sindicato de Periodistas de Andaluc\u00eda (SPA) apoyar\u00e1 cualquier medida que haga justicia con el colectivo al que ahora esta sentencia reconoce a\u00f1os de abuso, y presionar\u00e1 para que la administraci\u00f3n despeje su incertidumbre. Pero ahora est\u00e1 por ver c\u00f3mo interpretan esta nueva sentencia los jueces que tienen que decidir sobre casos denunciados en los pr\u00f3ximos meses.<br><br>Os falicitamos en este correo los enlaces, para que pod\u00e1is consultar la fuente directa, de tanto el propio resumen que ha elaborado el gabinete del TJUE sobre la resoluci\u00f3n del 19 de marzo, como la propia sentencia. Os seguiremos informando puntualmente sobre cualquier novedad que tenga que ver con este asunto.<br>&nbsp;<\/p>\n\n\n\n<p><a href=\"https:\/\/mcusercontent.com\/72542fea07e3f0bf346b64473\/files\/92500482-58a2-4379-a3b9-f3ef8aa9f1d6\/NOTA_DE_PRENSA_DEL_TJUE_SOBRE_sentencia_sobre_INTERINOS.pdf\" target=\"_blank\" rel=\"noreferrer noopener\">NOTA DE PRENSA&nbsp; DEL TJUE SOBRE SENTENCIA INTERINOS<\/a><\/p>\n\n\n\n<p><a href=\"https:\/\/mcusercontent.com\/72542fea07e3f0bf346b64473\/files\/92500482-58a2-4379-a3b9-f3ef8aa9f1d6\/NOTA_DE_PRENSA_DEL_TJUE_SOBRE_sentencia_sobre_INTERINOS.pdf\" target=\"_blank\" rel=\"noreferrer noopener\">SENTENCIA TRIBUNAL EUROPEO TEMPORALES<\/a><\/p>\n","protected":false},"excerpt":{"rendered":"<p>Garantiza como m\u00ednimo la indemnizaci\u00f3n por despido improcedente pero descarta la fijeza. La Administraci\u00f3n podr\u00eda decretar alguna medida que evite las altas indemnizaciones o la avalancha de reclamaciones. La sentencia conocida este jueves 20 de marzo (la adjuntamos junto al resumen de prensa del propio tribunal) ha dejado en manos de la Justicia Espa\u00f1ola c\u00f3mo [&hellip;]<\/p>\n","protected":false},"author":2,"featured_media":0,"comment_status":"open","ping_status":"open","sticky":false,"template":"","format":"standard","meta":[],"categories":[1],"tags":[],"acf":[],"yoast_head":"<!-- This site is optimized with the Yoast SEO plugin v19.0 - https:\/\/yoast.com\/wordpress\/plugins\/seo\/ -->\n<title>El Tribunal Europeo deja en manos de la justicia espa\u00f1ola el futuro de los interinos\/as - Secci\u00f3n Sindical del SPA en RTVA y CSRTV<\/title>\n<meta name=\"robots\" content=\"index, follow, max-snippet:-1, max-image-preview:large, max-video-preview:-1\" \/>\n<link rel=\"canonical\" href=\"https:\/\/spandalucia.com\/spacanalsur\/el-tribunal-europeo-deja-en-manos-de-la-justicia-espanola-el-futuro-de-los-interinos-as\/\" \/>\n<meta property=\"og:locale\" content=\"es_ES\" \/>\n<meta property=\"og:type\" content=\"article\" \/>\n<meta property=\"og:title\" content=\"El Tribunal Europeo deja en manos de la justicia espa\u00f1ola el futuro de los interinos\/as - Secci\u00f3n Sindical del SPA en RTVA y CSRTV\" \/>\n<meta property=\"og:description\" content=\"Garantiza como m\u00ednimo la indemnizaci\u00f3n por despido improcedente pero descarta la fijeza. La Administraci\u00f3n podr\u00eda decretar alguna medida que evite las altas indemnizaciones o la avalancha de reclamaciones. La sentencia conocida este jueves 20 de marzo (la adjuntamos junto al resumen de prensa del propio tribunal) ha dejado en manos de la Justicia Espa\u00f1ola c\u00f3mo [&hellip;]\" \/>\n<meta property=\"og:url\" content=\"https:\/\/spandalucia.com\/spacanalsur\/el-tribunal-europeo-deja-en-manos-de-la-justicia-espanola-el-futuro-de-los-interinos-as\/\" \/>\n<meta property=\"og:site_name\" content=\"Secci\u00f3n Sindical del SPA en RTVA y CSRTV\" \/>\n<meta property=\"article:published_time\" content=\"2020-03-20T21:09:00+00:00\" \/>\n<meta property=\"article:modified_time\" content=\"2021-02-16T21:09:57+00:00\" \/>\n<meta name=\"twitter:card\" content=\"summary_large_image\" \/>\n<meta name=\"twitter:label1\" content=\"Escrito por\" \/>\n\t<meta name=\"twitter:data1\" content=\"spacanalsur\" \/>\n\t<meta name=\"twitter:label2\" content=\"Tiempo de lectura\" \/>\n\t<meta name=\"twitter:data2\" content=\"2 minutos\" \/>\n<script type=\"application\/ld+json\" class=\"yoast-schema-graph\">{\"@context\":\"https:\/\/schema.org\",\"@graph\":[{\"@type\":\"WebSite\",\"@id\":\"https:\/\/spandalucia.com\/spacanalsur\/#website\",\"url\":\"https:\/\/spandalucia.com\/spacanalsur\/\",\"name\":\"Secci\u00f3n Sindical del SPA en RTVA y CSRTV\",\"description\":\"P\u00e1gina de informaci\u00f3n de la Secci\u00f3n Sindical del SPA en Canal Sur\",\"potentialAction\":[{\"@type\":\"SearchAction\",\"target\":{\"@type\":\"EntryPoint\",\"urlTemplate\":\"https:\/\/spandalucia.com\/spacanalsur\/?s={search_term_string}\"},\"query-input\":\"required name=search_term_string\"}],\"inLanguage\":\"es\"},{\"@type\":\"WebPage\",\"@id\":\"https:\/\/spandalucia.com\/spacanalsur\/el-tribunal-europeo-deja-en-manos-de-la-justicia-espanola-el-futuro-de-los-interinos-as\/#webpage\",\"url\":\"https:\/\/spandalucia.com\/spacanalsur\/el-tribunal-europeo-deja-en-manos-de-la-justicia-espanola-el-futuro-de-los-interinos-as\/\",\"name\":\"El Tribunal Europeo deja en manos de la justicia espa\u00f1ola el futuro de los interinos\/as - Secci\u00f3n Sindical del SPA en RTVA y CSRTV\",\"isPartOf\":{\"@id\":\"https:\/\/spandalucia.com\/spacanalsur\/#website\"},\"datePublished\":\"2020-03-20T21:09:00+00:00\",\"dateModified\":\"2021-02-16T21:09:57+00:00\",\"author\":{\"@id\":\"https:\/\/spandalucia.com\/spacanalsur\/#\/schema\/person\/5605724d9677a9e6124a0f8d0fc47402\"},\"breadcrumb\":{\"@id\":\"https:\/\/spandalucia.com\/spacanalsur\/el-tribunal-europeo-deja-en-manos-de-la-justicia-espanola-el-futuro-de-los-interinos-as\/#breadcrumb\"},\"inLanguage\":\"es\",\"potentialAction\":[{\"@type\":\"ReadAction\",\"target\":[\"https:\/\/spandalucia.com\/spacanalsur\/el-tribunal-europeo-deja-en-manos-de-la-justicia-espanola-el-futuro-de-los-interinos-as\/\"]}]},{\"@type\":\"BreadcrumbList\",\"@id\":\"https:\/\/spandalucia.com\/spacanalsur\/el-tribunal-europeo-deja-en-manos-de-la-justicia-espanola-el-futuro-de-los-interinos-as\/#breadcrumb\",\"itemListElement\":[{\"@type\":\"ListItem\",\"position\":1,\"name\":\"Portada\",\"item\":\"https:\/\/spandalucia.com\/spacanalsur\/\"},{\"@type\":\"ListItem\",\"position\":2,\"name\":\"El Tribunal Europeo deja en manos de la justicia espa\u00f1ola el futuro de los interinos\/as\"}]},{\"@type\":\"Person\",\"@id\":\"https:\/\/spandalucia.com\/spacanalsur\/#\/schema\/person\/5605724d9677a9e6124a0f8d0fc47402\",\"name\":\"spacanalsur\",\"image\":{\"@type\":\"ImageObject\",\"inLanguage\":\"es\",\"@id\":\"https:\/\/spandalucia.com\/spacanalsur\/#\/schema\/person\/image\/\",\"url\":\"https:\/\/secure.gravatar.com\/avatar\/53d83e22630d79f6452bef0b9e8249ac?s=96&d=mm&r=g\",\"contentUrl\":\"https:\/\/secure.gravatar.com\/avatar\/53d83e22630d79f6452bef0b9e8249ac?s=96&d=mm&r=g\",\"caption\":\"spacanalsur\"},\"url\":\"https:\/\/spandalucia.com\/spacanalsur\/author\/spacanalsur\/\"}]}<\/script>\n<!-- \/ Yoast SEO plugin. -->","yoast_head_json":{"title":"El Tribunal Europeo deja en manos de la justicia espa\u00f1ola el futuro de los interinos\/as - Secci\u00f3n Sindical del SPA en RTVA y CSRTV","robots":{"index":"index","follow":"follow","max-snippet":"max-snippet:-1","max-image-preview":"max-image-preview:large","max-video-preview":"max-video-preview:-1"},"canonical":"https:\/\/spandalucia.com\/spacanalsur\/el-tribunal-europeo-deja-en-manos-de-la-justicia-espanola-el-futuro-de-los-interinos-as\/","og_locale":"es_ES","og_type":"article","og_title":"El Tribunal Europeo deja en manos de la justicia espa\u00f1ola el futuro de los interinos\/as - Secci\u00f3n Sindical del SPA en RTVA y CSRTV","og_description":"Garantiza como m\u00ednimo la indemnizaci\u00f3n por despido improcedente pero descarta la fijeza. La Administraci\u00f3n podr\u00eda decretar alguna medida que evite las altas indemnizaciones o la avalancha de reclamaciones. La sentencia conocida este jueves 20 de marzo (la adjuntamos junto al resumen de prensa del propio tribunal) ha dejado en manos de la Justicia Espa\u00f1ola c\u00f3mo [&hellip;]","og_url":"https:\/\/spandalucia.com\/spacanalsur\/el-tribunal-europeo-deja-en-manos-de-la-justicia-espanola-el-futuro-de-los-interinos-as\/","og_site_name":"Secci\u00f3n Sindical del SPA en RTVA y CSRTV","article_published_time":"2020-03-20T21:09:00+00:00","article_modified_time":"2021-02-16T21:09:57+00:00","twitter_card":"summary_large_image","twitter_misc":{"Escrito por":"spacanalsur","Tiempo de lectura":"2 minutos"},"schema":{"@context":"https:\/\/schema.org","@graph":[{"@type":"WebSite","@id":"https:\/\/spandalucia.com\/spacanalsur\/#website","url":"https:\/\/spandalucia.com\/spacanalsur\/","name":"Secci\u00f3n Sindical del SPA en RTVA y CSRTV","description":"P\u00e1gina de informaci\u00f3n de la Secci\u00f3n Sindical del SPA en Canal Sur","potentialAction":[{"@type":"SearchAction","target":{"@type":"EntryPoint","urlTemplate":"https:\/\/spandalucia.com\/spacanalsur\/?s={search_term_string}"},"query-input":"required name=search_term_string"}],"inLanguage":"es"},{"@type":"WebPage","@id":"https:\/\/spandalucia.com\/spacanalsur\/el-tribunal-europeo-deja-en-manos-de-la-justicia-espanola-el-futuro-de-los-interinos-as\/#webpage","url":"https:\/\/spandalucia.com\/spacanalsur\/el-tribunal-europeo-deja-en-manos-de-la-justicia-espanola-el-futuro-de-los-interinos-as\/","name":"El Tribunal Europeo deja en manos de la justicia espa\u00f1ola el futuro de los interinos\/as - Secci\u00f3n Sindical del SPA en RTVA y CSRTV","isPartOf":{"@id":"https:\/\/spandalucia.com\/spacanalsur\/#website"},"datePublished":"2020-03-20T21:09:00+00:00","dateModified":"2021-02-16T21:09:57+00:00","author":{"@id":"https:\/\/spandalucia.com\/spacanalsur\/#\/schema\/person\/5605724d9677a9e6124a0f8d0fc47402"},"breadcrumb":{"@id":"https:\/\/spandalucia.com\/spacanalsur\/el-tribunal-europeo-deja-en-manos-de-la-justicia-espanola-el-futuro-de-los-interinos-as\/#breadcrumb"},"inLanguage":"es","potentialAction":[{"@type":"ReadAction","target":["https:\/\/spandalucia.com\/spacanalsur\/el-tribunal-europeo-deja-en-manos-de-la-justicia-espanola-el-futuro-de-los-interinos-as\/"]}]},{"@type":"BreadcrumbList","@id":"https:\/\/spandalucia.com\/spacanalsur\/el-tribunal-europeo-deja-en-manos-de-la-justicia-espanola-el-futuro-de-los-interinos-as\/#breadcrumb","itemListElement":[{"@type":"ListItem","position":1,"name":"Portada","item":"https:\/\/spandalucia.com\/spacanalsur\/"},{"@type":"ListItem","position":2,"name":"El Tribunal Europeo deja en manos de la justicia espa\u00f1ola el futuro de los interinos\/as"}]},{"@type":"Person","@id":"https:\/\/spandalucia.com\/spacanalsur\/#\/schema\/person\/5605724d9677a9e6124a0f8d0fc47402","name":"spacanalsur","image":{"@type":"ImageObject","inLanguage":"es","@id":"https:\/\/spandalucia.com\/spacanalsur\/#\/schema\/person\/image\/","url":"https:\/\/secure.gravatar.com\/avatar\/53d83e22630d79f6452bef0b9e8249ac?s=96&d=mm&r=g","contentUrl":"https:\/\/secure.gravatar.com\/avatar\/53d83e22630d79f6452bef0b9e8249ac?s=96&d=mm&r=g","caption":"spacanalsur"},"url":"https:\/\/spandalucia.com\/spacanalsur\/author\/spacanalsur\/"}]}},"_links":{"self":[{"href":"https:\/\/spandalucia.com\/spacanalsur\/wp-json\/wp\/v2\/posts\/401"}],"collection":[{"href":"https:\/\/spandalucia.com\/spacanalsur\/wp-json\/wp\/v2\/posts"}],"about":[{"href":"https:\/\/spandalucia.com\/spacanalsur\/wp-json\/wp\/v2\/types\/post"}],"author":[{"embeddable":true,"href":"https:\/\/spandalucia.com\/spacanalsur\/wp-json\/wp\/v2\/users\/2"}],"replies":[{"embeddable":true,"href":"https:\/\/spandalucia.com\/spacanalsur\/wp-json\/wp\/v2\/comments?post=401"}],"version-history":[{"count":1,"href":"https:\/\/spandalucia.com\/spacanalsur\/wp-json\/wp\/v2\/posts\/401\/revisions"}],"predecessor-version":[{"id":402,"href":"https:\/\/spandalucia.com\/spacanalsur\/wp-json\/wp\/v2\/posts\/401\/revisions\/402"}],"wp:attachment":[{"href":"https:\/\/spandalucia.com\/spacanalsur\/wp-json\/wp\/v2\/media?parent=401"}],"wp:term":[{"taxonomy":"category","embeddable":true,"href":"https:\/\/spandalucia.com\/spacanalsur\/wp-json\/wp\/v2\/categories?post=401"},{"taxonomy":"post_tag","embeddable":true,"href":"https:\/\/spandalucia.com\/spacanalsur\/wp-json\/wp\/v2\/tags?post=401"}],"curies":[{"name":"wp","href":"https:\/\/api.w.org\/{rel}","templated":true}]}}