{"id":479,"date":"2020-11-18T13:16:00","date_gmt":"2020-11-18T13:16:00","guid":{"rendered":"http:\/\/spandalucia.com\/spacanalsur\/?p=479"},"modified":"2021-02-22T13:16:49","modified_gmt":"2021-02-22T13:16:49","slug":"menos-periodismo-y-mas-presupuesto-para-la-caza-y-toros-era-esta-la-regeneracion-del-gobierno-del-cambio-para-andalucia","status":"publish","type":"post","link":"https:\/\/spandalucia.com\/spacanalsur\/menos-periodismo-y-mas-presupuesto-para-la-caza-y-toros-era-esta-la-regeneracion-del-gobierno-del-cambio-para-andalucia\/","title":{"rendered":"Menos periodismo y m\u00e1s presupuesto para la caza y toros, \u00bfera est\u00e1 la regeneraci\u00f3n del \u00abGobierno del cambio\u00bb para Andaluc\u00eda?"},"content":{"rendered":"\n<figure class=\"wp-block-table\"><table class=\"table table-hover\"><tbody><tr><td><strong>Cerrar uno de sus canales y no reponer las jubilaciones asfixiar\u00e1 a la Radio Televisi\u00f3n de Andaluc\u00eda y la deja muy debilitada para cumplir su funci\u00f3n vertebradora y de servicio p\u00fablico<\/strong><\/td><\/tr><\/tbody><\/table><\/figure>\n\n\n\n<p>Cerrar uno de sus canales y reducir 14 millones los ingresos anuales de la Radio Televisi\u00f3n de Andaluc\u00eda, un servicio esencial, con el pretexto de ahorrar, a la vez que se incrementan las partidas para cacer\u00eda y subvenci\u00f3n a los toros, es arrastrar a nuestra tierra al t\u00f3pico de la Andaluc\u00eda de pandereta propia de otro tiempo. Este acuerdo de presupuestos del Gobierno andaluz para 2020 supone la rendici\u00f3n de un Gobierno que pretende ser moderado a los postulados de la derecha m\u00e1s rancia y es una tremenda decepci\u00f3n para muchos andaluces que creyeron que se iniciaba una etapa de regeneraci\u00f3n. \u00bfEra este el \u201cGobierno del cambio\u201d?<br>&nbsp;<br>Resulta pat\u00e9tico que se pretenda incrementar la producci\u00f3n propia sin cubrir las vacantes por jubilaci\u00f3n que se produzcan, con una plantilla ya desde hace tiempo diezmada y veterana (55 a\u00f1os de media). No reponer las jubilaciones supondr\u00e1 en la practica un ERE encubierto que dejar\u00e1 a la plantilla con 200 trabajador@s menos en el plazo de cinco a\u00f1os. Y supone incumplir el compromiso parlamentario de mantenimiento del empleo en la empresa p\u00fablica de Radio Televisi\u00f3n.<br>&nbsp;<br>El acuerdo presupuestario m\u00e1s parece un plan para enterrar la Radio Televisi\u00f3n de Andaluc\u00eda, servicio esencial, que vertebra nuestra tierra, que es testigo d\u00eda a d\u00eda de nuestra Historia, que es su gran archivo audiovisual, que se preocupa por la informaci\u00f3n de cercan\u00eda, y que acude a informar de los problemas al punto m\u00e1s rec\u00f3ndito de nuestra tierra. aunque no haya intereses comerciales de por medio.&nbsp;<br>&nbsp;<br><strong>Motor de la industria audiovisual<\/strong><br><br>Debilitar Canal Sur es adem\u00e1s un tiro en el pie para un Gobierno que quiere reactivar la econom\u00eda andaluza, porque quienes lo hacen olvidan que la Radio Televisi\u00f3n de Andaluc\u00eda es el motor de nuestra industria audiovisual, que genera al a\u00f1o 25.000 empleos, de los que el 80 por ciento depende directa o indirectamente de Canal Sur. Una empresa esencial cuya financiaci\u00f3n es una inversi\u00f3n doble y rentable, en palabras recientes de su director general, cuyo eco todav\u00eda resuena.&nbsp;<br>&nbsp;<br>Desde el Sindicato de Periodistas de Andaluc\u00eda esperamos que algo tengan que decir el director general de Canal Sur Juan de Dios Mellado, y el presidente de su Consejo de Administraci\u00f3n, Rafael Porras, que fueron nombrados por unanimidad para sus cargos por todas los grupos parlamentarios. Un consenso sobre la empresa p\u00fablica que ahora se rompe y que amenaza con trocar la imagen de profesionales de prestigio de ambos en el triste m\u00e9rito de enterradores de la principal empresa p\u00fablica de comunicaci\u00f3n de Andaluc\u00eda<\/p>\n","protected":false},"excerpt":{"rendered":"<p>Cerrar uno de sus canales y no reponer las jubilaciones asfixiar\u00e1 a la Radio Televisi\u00f3n de Andaluc\u00eda y la deja muy debilitada para cumplir su funci\u00f3n vertebradora y de servicio p\u00fablico Cerrar uno de sus canales y reducir 14 millones los ingresos anuales de la Radio Televisi\u00f3n de Andaluc\u00eda, un servicio esencial, con el pretexto [&hellip;]<\/p>\n","protected":false},"author":2,"featured_media":0,"comment_status":"open","ping_status":"open","sticky":false,"template":"","format":"standard","meta":[],"categories":[1],"tags":[],"acf":[],"yoast_head":"<!-- This site is optimized with the Yoast SEO plugin v19.0 - https:\/\/yoast.com\/wordpress\/plugins\/seo\/ -->\n<title>Menos periodismo y m\u00e1s presupuesto para la caza y toros, \u00bfera est\u00e1 la regeneraci\u00f3n del &quot;Gobierno del cambio&quot; para Andaluc\u00eda? - Secci\u00f3n Sindical del SPA en RTVA y CSRTV<\/title>\n<meta name=\"robots\" content=\"index, follow, max-snippet:-1, max-image-preview:large, max-video-preview:-1\" \/>\n<link rel=\"canonical\" href=\"https:\/\/spandalucia.com\/spacanalsur\/menos-periodismo-y-mas-presupuesto-para-la-caza-y-toros-era-esta-la-regeneracion-del-gobierno-del-cambio-para-andalucia\/\" \/>\n<meta property=\"og:locale\" content=\"es_ES\" \/>\n<meta property=\"og:type\" content=\"article\" \/>\n<meta property=\"og:title\" content=\"Menos periodismo y m\u00e1s presupuesto para la caza y toros, \u00bfera est\u00e1 la regeneraci\u00f3n del &quot;Gobierno del cambio&quot; para Andaluc\u00eda? - Secci\u00f3n Sindical del SPA en RTVA y CSRTV\" \/>\n<meta property=\"og:description\" content=\"Cerrar uno de sus canales y no reponer las jubilaciones asfixiar\u00e1 a la Radio Televisi\u00f3n de Andaluc\u00eda y la deja muy debilitada para cumplir su funci\u00f3n vertebradora y de servicio p\u00fablico Cerrar uno de sus canales y reducir 14 millones los ingresos anuales de la Radio Televisi\u00f3n de Andaluc\u00eda, un servicio esencial, con el pretexto [&hellip;]\" \/>\n<meta property=\"og:url\" content=\"https:\/\/spandalucia.com\/spacanalsur\/menos-periodismo-y-mas-presupuesto-para-la-caza-y-toros-era-esta-la-regeneracion-del-gobierno-del-cambio-para-andalucia\/\" \/>\n<meta property=\"og:site_name\" content=\"Secci\u00f3n Sindical del SPA en RTVA y CSRTV\" \/>\n<meta property=\"article:published_time\" content=\"2020-11-18T13:16:00+00:00\" \/>\n<meta property=\"article:modified_time\" content=\"2021-02-22T13:16:49+00:00\" \/>\n<meta name=\"twitter:card\" content=\"summary_large_image\" \/>\n<meta name=\"twitter:label1\" content=\"Escrito por\" \/>\n\t<meta name=\"twitter:data1\" content=\"spacanalsur\" \/>\n\t<meta name=\"twitter:label2\" content=\"Tiempo de lectura\" \/>\n\t<meta name=\"twitter:data2\" content=\"2 minutos\" \/>\n<script type=\"application\/ld+json\" class=\"yoast-schema-graph\">{\"@context\":\"https:\/\/schema.org\",\"@graph\":[{\"@type\":\"WebSite\",\"@id\":\"https:\/\/spandalucia.com\/spacanalsur\/#website\",\"url\":\"https:\/\/spandalucia.com\/spacanalsur\/\",\"name\":\"Secci\u00f3n Sindical del SPA en RTVA y CSRTV\",\"description\":\"P\u00e1gina de informaci\u00f3n de la Secci\u00f3n Sindical del SPA en Canal Sur\",\"potentialAction\":[{\"@type\":\"SearchAction\",\"target\":{\"@type\":\"EntryPoint\",\"urlTemplate\":\"https:\/\/spandalucia.com\/spacanalsur\/?s={search_term_string}\"},\"query-input\":\"required name=search_term_string\"}],\"inLanguage\":\"es\"},{\"@type\":\"WebPage\",\"@id\":\"https:\/\/spandalucia.com\/spacanalsur\/menos-periodismo-y-mas-presupuesto-para-la-caza-y-toros-era-esta-la-regeneracion-del-gobierno-del-cambio-para-andalucia\/#webpage\",\"url\":\"https:\/\/spandalucia.com\/spacanalsur\/menos-periodismo-y-mas-presupuesto-para-la-caza-y-toros-era-esta-la-regeneracion-del-gobierno-del-cambio-para-andalucia\/\",\"name\":\"Menos periodismo y m\u00e1s presupuesto para la caza y toros, \u00bfera est\u00e1 la regeneraci\u00f3n del \\\"Gobierno del cambio\\\" para Andaluc\u00eda? - Secci\u00f3n Sindical del SPA en RTVA y CSRTV\",\"isPartOf\":{\"@id\":\"https:\/\/spandalucia.com\/spacanalsur\/#website\"},\"datePublished\":\"2020-11-18T13:16:00+00:00\",\"dateModified\":\"2021-02-22T13:16:49+00:00\",\"author\":{\"@id\":\"https:\/\/spandalucia.com\/spacanalsur\/#\/schema\/person\/5605724d9677a9e6124a0f8d0fc47402\"},\"breadcrumb\":{\"@id\":\"https:\/\/spandalucia.com\/spacanalsur\/menos-periodismo-y-mas-presupuesto-para-la-caza-y-toros-era-esta-la-regeneracion-del-gobierno-del-cambio-para-andalucia\/#breadcrumb\"},\"inLanguage\":\"es\",\"potentialAction\":[{\"@type\":\"ReadAction\",\"target\":[\"https:\/\/spandalucia.com\/spacanalsur\/menos-periodismo-y-mas-presupuesto-para-la-caza-y-toros-era-esta-la-regeneracion-del-gobierno-del-cambio-para-andalucia\/\"]}]},{\"@type\":\"BreadcrumbList\",\"@id\":\"https:\/\/spandalucia.com\/spacanalsur\/menos-periodismo-y-mas-presupuesto-para-la-caza-y-toros-era-esta-la-regeneracion-del-gobierno-del-cambio-para-andalucia\/#breadcrumb\",\"itemListElement\":[{\"@type\":\"ListItem\",\"position\":1,\"name\":\"Portada\",\"item\":\"https:\/\/spandalucia.com\/spacanalsur\/\"},{\"@type\":\"ListItem\",\"position\":2,\"name\":\"Menos periodismo y m\u00e1s presupuesto para la caza y toros, \u00bfera est\u00e1 la regeneraci\u00f3n del \u00abGobierno del cambio\u00bb para Andaluc\u00eda?\"}]},{\"@type\":\"Person\",\"@id\":\"https:\/\/spandalucia.com\/spacanalsur\/#\/schema\/person\/5605724d9677a9e6124a0f8d0fc47402\",\"name\":\"spacanalsur\",\"image\":{\"@type\":\"ImageObject\",\"inLanguage\":\"es\",\"@id\":\"https:\/\/spandalucia.com\/spacanalsur\/#\/schema\/person\/image\/\",\"url\":\"https:\/\/secure.gravatar.com\/avatar\/53d83e22630d79f6452bef0b9e8249ac?s=96&d=mm&r=g\",\"contentUrl\":\"https:\/\/secure.gravatar.com\/avatar\/53d83e22630d79f6452bef0b9e8249ac?s=96&d=mm&r=g\",\"caption\":\"spacanalsur\"},\"url\":\"https:\/\/spandalucia.com\/spacanalsur\/author\/spacanalsur\/\"}]}<\/script>\n<!-- \/ Yoast SEO plugin. -->","yoast_head_json":{"title":"Menos periodismo y m\u00e1s presupuesto para la caza y toros, \u00bfera est\u00e1 la regeneraci\u00f3n del \"Gobierno del cambio\" para Andaluc\u00eda? - Secci\u00f3n Sindical del SPA en RTVA y CSRTV","robots":{"index":"index","follow":"follow","max-snippet":"max-snippet:-1","max-image-preview":"max-image-preview:large","max-video-preview":"max-video-preview:-1"},"canonical":"https:\/\/spandalucia.com\/spacanalsur\/menos-periodismo-y-mas-presupuesto-para-la-caza-y-toros-era-esta-la-regeneracion-del-gobierno-del-cambio-para-andalucia\/","og_locale":"es_ES","og_type":"article","og_title":"Menos periodismo y m\u00e1s presupuesto para la caza y toros, \u00bfera est\u00e1 la regeneraci\u00f3n del \"Gobierno del cambio\" para Andaluc\u00eda? - Secci\u00f3n Sindical del SPA en RTVA y CSRTV","og_description":"Cerrar uno de sus canales y no reponer las jubilaciones asfixiar\u00e1 a la Radio Televisi\u00f3n de Andaluc\u00eda y la deja muy debilitada para cumplir su funci\u00f3n vertebradora y de servicio p\u00fablico Cerrar uno de sus canales y reducir 14 millones los ingresos anuales de la Radio Televisi\u00f3n de Andaluc\u00eda, un servicio esencial, con el pretexto [&hellip;]","og_url":"https:\/\/spandalucia.com\/spacanalsur\/menos-periodismo-y-mas-presupuesto-para-la-caza-y-toros-era-esta-la-regeneracion-del-gobierno-del-cambio-para-andalucia\/","og_site_name":"Secci\u00f3n Sindical del SPA en RTVA y CSRTV","article_published_time":"2020-11-18T13:16:00+00:00","article_modified_time":"2021-02-22T13:16:49+00:00","twitter_card":"summary_large_image","twitter_misc":{"Escrito por":"spacanalsur","Tiempo de lectura":"2 minutos"},"schema":{"@context":"https:\/\/schema.org","@graph":[{"@type":"WebSite","@id":"https:\/\/spandalucia.com\/spacanalsur\/#website","url":"https:\/\/spandalucia.com\/spacanalsur\/","name":"Secci\u00f3n Sindical del SPA en RTVA y CSRTV","description":"P\u00e1gina de informaci\u00f3n de la Secci\u00f3n Sindical del SPA en Canal Sur","potentialAction":[{"@type":"SearchAction","target":{"@type":"EntryPoint","urlTemplate":"https:\/\/spandalucia.com\/spacanalsur\/?s={search_term_string}"},"query-input":"required name=search_term_string"}],"inLanguage":"es"},{"@type":"WebPage","@id":"https:\/\/spandalucia.com\/spacanalsur\/menos-periodismo-y-mas-presupuesto-para-la-caza-y-toros-era-esta-la-regeneracion-del-gobierno-del-cambio-para-andalucia\/#webpage","url":"https:\/\/spandalucia.com\/spacanalsur\/menos-periodismo-y-mas-presupuesto-para-la-caza-y-toros-era-esta-la-regeneracion-del-gobierno-del-cambio-para-andalucia\/","name":"Menos periodismo y m\u00e1s presupuesto para la caza y toros, \u00bfera est\u00e1 la regeneraci\u00f3n del \"Gobierno del cambio\" para Andaluc\u00eda? - Secci\u00f3n Sindical del SPA en RTVA y CSRTV","isPartOf":{"@id":"https:\/\/spandalucia.com\/spacanalsur\/#website"},"datePublished":"2020-11-18T13:16:00+00:00","dateModified":"2021-02-22T13:16:49+00:00","author":{"@id":"https:\/\/spandalucia.com\/spacanalsur\/#\/schema\/person\/5605724d9677a9e6124a0f8d0fc47402"},"breadcrumb":{"@id":"https:\/\/spandalucia.com\/spacanalsur\/menos-periodismo-y-mas-presupuesto-para-la-caza-y-toros-era-esta-la-regeneracion-del-gobierno-del-cambio-para-andalucia\/#breadcrumb"},"inLanguage":"es","potentialAction":[{"@type":"ReadAction","target":["https:\/\/spandalucia.com\/spacanalsur\/menos-periodismo-y-mas-presupuesto-para-la-caza-y-toros-era-esta-la-regeneracion-del-gobierno-del-cambio-para-andalucia\/"]}]},{"@type":"BreadcrumbList","@id":"https:\/\/spandalucia.com\/spacanalsur\/menos-periodismo-y-mas-presupuesto-para-la-caza-y-toros-era-esta-la-regeneracion-del-gobierno-del-cambio-para-andalucia\/#breadcrumb","itemListElement":[{"@type":"ListItem","position":1,"name":"Portada","item":"https:\/\/spandalucia.com\/spacanalsur\/"},{"@type":"ListItem","position":2,"name":"Menos periodismo y m\u00e1s presupuesto para la caza y toros, \u00bfera est\u00e1 la regeneraci\u00f3n del \u00abGobierno del cambio\u00bb para Andaluc\u00eda?"}]},{"@type":"Person","@id":"https:\/\/spandalucia.com\/spacanalsur\/#\/schema\/person\/5605724d9677a9e6124a0f8d0fc47402","name":"spacanalsur","image":{"@type":"ImageObject","inLanguage":"es","@id":"https:\/\/spandalucia.com\/spacanalsur\/#\/schema\/person\/image\/","url":"https:\/\/secure.gravatar.com\/avatar\/53d83e22630d79f6452bef0b9e8249ac?s=96&d=mm&r=g","contentUrl":"https:\/\/secure.gravatar.com\/avatar\/53d83e22630d79f6452bef0b9e8249ac?s=96&d=mm&r=g","caption":"spacanalsur"},"url":"https:\/\/spandalucia.com\/spacanalsur\/author\/spacanalsur\/"}]}},"_links":{"self":[{"href":"https:\/\/spandalucia.com\/spacanalsur\/wp-json\/wp\/v2\/posts\/479"}],"collection":[{"href":"https:\/\/spandalucia.com\/spacanalsur\/wp-json\/wp\/v2\/posts"}],"about":[{"href":"https:\/\/spandalucia.com\/spacanalsur\/wp-json\/wp\/v2\/types\/post"}],"author":[{"embeddable":true,"href":"https:\/\/spandalucia.com\/spacanalsur\/wp-json\/wp\/v2\/users\/2"}],"replies":[{"embeddable":true,"href":"https:\/\/spandalucia.com\/spacanalsur\/wp-json\/wp\/v2\/comments?post=479"}],"version-history":[{"count":2,"href":"https:\/\/spandalucia.com\/spacanalsur\/wp-json\/wp\/v2\/posts\/479\/revisions"}],"predecessor-version":[{"id":481,"href":"https:\/\/spandalucia.com\/spacanalsur\/wp-json\/wp\/v2\/posts\/479\/revisions\/481"}],"wp:attachment":[{"href":"https:\/\/spandalucia.com\/spacanalsur\/wp-json\/wp\/v2\/media?parent=479"}],"wp:term":[{"taxonomy":"category","embeddable":true,"href":"https:\/\/spandalucia.com\/spacanalsur\/wp-json\/wp\/v2\/categories?post=479"},{"taxonomy":"post_tag","embeddable":true,"href":"https:\/\/spandalucia.com\/spacanalsur\/wp-json\/wp\/v2\/tags?post=479"}],"curies":[{"name":"wp","href":"https:\/\/api.w.org\/{rel}","templated":true}]}}