{"id":580,"date":"2021-03-30T11:20:00","date_gmt":"2021-03-30T11:20:00","guid":{"rendered":"https:\/\/spandalucia.com\/spacanalsur\/?p=580"},"modified":"2021-04-14T11:21:01","modified_gmt":"2021-04-14T11:21:01","slug":"canal-sur-renueva-su-consejo-profesional-tras-dos-anos-en-funciones","status":"publish","type":"post","link":"https:\/\/spandalucia.com\/spacanalsur\/canal-sur-renueva-su-consejo-profesional-tras-dos-anos-en-funciones\/","title":{"rendered":"CANAL SUR RENUEVA SU CONSEJO PROFESIONAL, TRAS DOS A\u00d1OS EN FUNCIONES"},"content":{"rendered":"\n<figure class=\"wp-block-image size-large\"><img loading=\"lazy\" width=\"1024\" height=\"768\" src=\"https:\/\/spandalucia.com\/spacanalsur\/wp-content\/uploads\/2021\/04\/unnamed.jpg\" alt=\"\" class=\"wp-image-581\" srcset=\"https:\/\/spandalucia.com\/spacanalsur\/wp-content\/uploads\/2021\/04\/unnamed.jpg 1024w, https:\/\/spandalucia.com\/spacanalsur\/wp-content\/uploads\/2021\/04\/unnamed-300x225.jpg 300w, https:\/\/spandalucia.com\/spacanalsur\/wp-content\/uploads\/2021\/04\/unnamed-768x576.jpg 768w, https:\/\/spandalucia.com\/spacanalsur\/wp-content\/uploads\/2021\/04\/unnamed-233x174.jpg 233w\" sizes=\"(max-width: 1024px) 100vw, 1024px\" \/><\/figure>\n\n\n\n<p>&#8211;<strong>El SPA colaborar\u00e1 y apoyar\u00e1 al nuevo Consejo en su defensa de un Canal Sur independiente y libre de injerencias, internas y externas<\/strong><br>&nbsp;<br><br>La Radio Televisi\u00f3n de Andaluc\u00eda, Canal Sur, cuenta con un nuevo Consejo Profesional, tras las elecciones celebradas el pasado jueves, y que han contado con una partici\u00f3n mayor de la esperada. Con ello, el Consejo acaba con dos a\u00f1os de interinidad e inicia una nueva etapa, con importantes novedades, tras la reforma del Estatuto Profesional realizada por el Consejo de Administraci\u00f3n, atendiendo las demandas del propio consejo profesional y que tambi\u00e9n hab\u00eda planteado el Sindicato de Periodistas de Andaluc\u00eda (SPA).&nbsp;<\/p>\n\n\n\n<p>Tras estas elecciones sale un \u00fanico Consejo Profesional, de radio y televisi\u00f3n, que incorpora nuevas categor\u00edas: seis puestos de redactor\/a, uno de realizador\/a, uno de productor\/a y otro para operador\/a de c\u00e1mara\/sonido. Tambi\u00e9n nace con nuevas competencias, como la posibilidad de consulta no vinculante a la redacci\u00f3n en los nombramientos de los directores de informativos.<br>&nbsp;<br>El proceso se ha desarrollado con una participaci\u00f3n mayor de la esperada (50,77% en total), con un 53,01% en la categor\u00eda de Redacci\u00f3n, que es la m\u00e1s numerosa. Una propuesta del SPA y aceptada por la mesa central permiti\u00f3 a \u00faltima hora que los compa\u00f1eros de Cartuja pudieran votar, desplazando las urnas, ya que no se hab\u00eda previsto mesa electoral en ese centro de trabajo (desde el SPA hab\u00edamos reclamado que los trabajadores pudieran votar en su centro de trabajo y en horario laboral, para no estar en desigualdad de condiciones). Los candidatos que m\u00e1s respaldo en votos han tenido han sido los compa\u00f1eros de Madrid, entre ellos Pedro L\u00e1zaro, lo que es un claro respaldo de la plantilla despu\u00e9s de las denuncias de manipulaci\u00f3n informativa y del expediente sancionador que recibi\u00f3 L\u00e1zaro, luego archivado.<br>&nbsp;<br>Desde el SPA agradecemos a todos y todas las candidat@s (a quienes han salido elegidos y a quienes no) haber aceptado el reto y la responsabilidad de representarnos en el Consejo Profesional, en el que nos jugamos la independencia frente a todas las presiones, internas y externas, a la hora de realizar nuestro trabajo. De igual manera el SPA colaborar\u00e1 y apoyar\u00e1 al Consejo Profesional en el desarrollo de su trabajo por un Canal Sur independiente y libre de injerencias, y mod\u00e9lico como medio de comunicaci\u00f3n p\u00fablico al servicio de la ciudadan\u00eda.&nbsp;<br>&nbsp;<br>Desde el SPA valoramos la reforma del Estatuto de Redacci\u00f3n realizada por parte del Consejo de Administraci\u00f3n y que ha permitido poner en marcha el proceso de renovaci\u00f3n del Consejo Profesional, tras m\u00e1s de dos a\u00f1os en funciones. (Puedes consultar el texto completo del Estatuto reformado en este enlace:&nbsp;<a rel=\"noreferrer noopener\" href=\"https:\/\/spafesp.us16.list-manage.com\/track\/click?u=72542fea07e3f0bf346b64473&amp;id=ab20ee92de&amp;e=b1c0b79230\" target=\"_blank\">https:\/\/cutt.ly\/zx0AwXW<\/a>). Hay que recordar que los&nbsp;Consejo Profesionales, son parte de la Responsabilidad Social Corporativa de las empresas y un instrumento recomendado por el Consejo de Europa (en su resoluci\u00f3n 1003 sobre \u00c9tica del periodismo) como fundamental en la democratizaci\u00f3n de los medios de comunicaci\u00f3n.&nbsp;<br>&nbsp;<\/p>\n","protected":false},"excerpt":{"rendered":"<p>&#8211;El SPA colaborar\u00e1 y apoyar\u00e1 al nuevo Consejo en su defensa de un Canal Sur independiente y libre de injerencias, internas y externas&nbsp; La Radio Televisi\u00f3n de Andaluc\u00eda, Canal Sur, cuenta con un nuevo Consejo Profesional, tras las elecciones celebradas el pasado jueves, y que han contado con una partici\u00f3n mayor de la esperada. Con [&hellip;]<\/p>\n","protected":false},"author":2,"featured_media":0,"comment_status":"open","ping_status":"open","sticky":false,"template":"","format":"standard","meta":[],"categories":[1],"tags":[],"acf":[],"yoast_head":"<!-- This site is optimized with the Yoast SEO plugin v19.0 - https:\/\/yoast.com\/wordpress\/plugins\/seo\/ -->\n<title>CANAL SUR RENUEVA SU CONSEJO PROFESIONAL, TRAS DOS A\u00d1OS EN FUNCIONES - Secci\u00f3n Sindical del SPA en RTVA y CSRTV<\/title>\n<meta name=\"robots\" content=\"index, follow, max-snippet:-1, max-image-preview:large, max-video-preview:-1\" \/>\n<link rel=\"canonical\" href=\"https:\/\/spandalucia.com\/spacanalsur\/canal-sur-renueva-su-consejo-profesional-tras-dos-anos-en-funciones\/\" \/>\n<meta property=\"og:locale\" content=\"es_ES\" \/>\n<meta property=\"og:type\" content=\"article\" \/>\n<meta property=\"og:title\" content=\"CANAL SUR RENUEVA SU CONSEJO PROFESIONAL, TRAS DOS A\u00d1OS EN FUNCIONES - Secci\u00f3n Sindical del SPA en RTVA y CSRTV\" \/>\n<meta property=\"og:description\" content=\"&#8211;El SPA colaborar\u00e1 y apoyar\u00e1 al nuevo Consejo en su defensa de un Canal Sur independiente y libre de injerencias, internas y externas&nbsp; La Radio Televisi\u00f3n de Andaluc\u00eda, Canal Sur, cuenta con un nuevo Consejo Profesional, tras las elecciones celebradas el pasado jueves, y que han contado con una partici\u00f3n mayor de la esperada. Con [&hellip;]\" \/>\n<meta property=\"og:url\" content=\"https:\/\/spandalucia.com\/spacanalsur\/canal-sur-renueva-su-consejo-profesional-tras-dos-anos-en-funciones\/\" \/>\n<meta property=\"og:site_name\" content=\"Secci\u00f3n Sindical del SPA en RTVA y CSRTV\" \/>\n<meta property=\"article:published_time\" content=\"2021-03-30T11:20:00+00:00\" \/>\n<meta property=\"article:modified_time\" content=\"2021-04-14T11:21:01+00:00\" \/>\n<meta property=\"og:image\" content=\"https:\/\/spandalucia.com\/spacanalsur\/wp-content\/uploads\/2021\/04\/unnamed.jpg\" \/>\n<meta name=\"twitter:card\" content=\"summary_large_image\" \/>\n<meta name=\"twitter:label1\" content=\"Escrito por\" \/>\n\t<meta name=\"twitter:data1\" content=\"spacanalsur\" \/>\n\t<meta name=\"twitter:label2\" content=\"Tiempo de lectura\" \/>\n\t<meta name=\"twitter:data2\" content=\"3 minutos\" \/>\n<script type=\"application\/ld+json\" class=\"yoast-schema-graph\">{\"@context\":\"https:\/\/schema.org\",\"@graph\":[{\"@type\":\"WebSite\",\"@id\":\"https:\/\/spandalucia.com\/spacanalsur\/#website\",\"url\":\"https:\/\/spandalucia.com\/spacanalsur\/\",\"name\":\"Secci\u00f3n Sindical del SPA en RTVA y CSRTV\",\"description\":\"P\u00e1gina de informaci\u00f3n de la Secci\u00f3n Sindical del SPA en Canal Sur\",\"potentialAction\":[{\"@type\":\"SearchAction\",\"target\":{\"@type\":\"EntryPoint\",\"urlTemplate\":\"https:\/\/spandalucia.com\/spacanalsur\/?s={search_term_string}\"},\"query-input\":\"required name=search_term_string\"}],\"inLanguage\":\"es\"},{\"@type\":\"ImageObject\",\"inLanguage\":\"es\",\"@id\":\"https:\/\/spandalucia.com\/spacanalsur\/canal-sur-renueva-su-consejo-profesional-tras-dos-anos-en-funciones\/#primaryimage\",\"url\":\"https:\/\/spandalucia.com\/spacanalsur\/wp-content\/uploads\/2021\/04\/unnamed.jpg\",\"contentUrl\":\"https:\/\/spandalucia.com\/spacanalsur\/wp-content\/uploads\/2021\/04\/unnamed.jpg\",\"width\":1024,\"height\":768},{\"@type\":\"WebPage\",\"@id\":\"https:\/\/spandalucia.com\/spacanalsur\/canal-sur-renueva-su-consejo-profesional-tras-dos-anos-en-funciones\/#webpage\",\"url\":\"https:\/\/spandalucia.com\/spacanalsur\/canal-sur-renueva-su-consejo-profesional-tras-dos-anos-en-funciones\/\",\"name\":\"CANAL SUR RENUEVA SU CONSEJO PROFESIONAL, TRAS DOS A\u00d1OS EN FUNCIONES - Secci\u00f3n Sindical del SPA en RTVA y CSRTV\",\"isPartOf\":{\"@id\":\"https:\/\/spandalucia.com\/spacanalsur\/#website\"},\"primaryImageOfPage\":{\"@id\":\"https:\/\/spandalucia.com\/spacanalsur\/canal-sur-renueva-su-consejo-profesional-tras-dos-anos-en-funciones\/#primaryimage\"},\"datePublished\":\"2021-03-30T11:20:00+00:00\",\"dateModified\":\"2021-04-14T11:21:01+00:00\",\"author\":{\"@id\":\"https:\/\/spandalucia.com\/spacanalsur\/#\/schema\/person\/5605724d9677a9e6124a0f8d0fc47402\"},\"breadcrumb\":{\"@id\":\"https:\/\/spandalucia.com\/spacanalsur\/canal-sur-renueva-su-consejo-profesional-tras-dos-anos-en-funciones\/#breadcrumb\"},\"inLanguage\":\"es\",\"potentialAction\":[{\"@type\":\"ReadAction\",\"target\":[\"https:\/\/spandalucia.com\/spacanalsur\/canal-sur-renueva-su-consejo-profesional-tras-dos-anos-en-funciones\/\"]}]},{\"@type\":\"BreadcrumbList\",\"@id\":\"https:\/\/spandalucia.com\/spacanalsur\/canal-sur-renueva-su-consejo-profesional-tras-dos-anos-en-funciones\/#breadcrumb\",\"itemListElement\":[{\"@type\":\"ListItem\",\"position\":1,\"name\":\"Portada\",\"item\":\"https:\/\/spandalucia.com\/spacanalsur\/\"},{\"@type\":\"ListItem\",\"position\":2,\"name\":\"CANAL SUR RENUEVA SU CONSEJO PROFESIONAL, TRAS DOS A\u00d1OS EN FUNCIONES\"}]},{\"@type\":\"Person\",\"@id\":\"https:\/\/spandalucia.com\/spacanalsur\/#\/schema\/person\/5605724d9677a9e6124a0f8d0fc47402\",\"name\":\"spacanalsur\",\"image\":{\"@type\":\"ImageObject\",\"inLanguage\":\"es\",\"@id\":\"https:\/\/spandalucia.com\/spacanalsur\/#\/schema\/person\/image\/\",\"url\":\"https:\/\/secure.gravatar.com\/avatar\/53d83e22630d79f6452bef0b9e8249ac?s=96&d=mm&r=g\",\"contentUrl\":\"https:\/\/secure.gravatar.com\/avatar\/53d83e22630d79f6452bef0b9e8249ac?s=96&d=mm&r=g\",\"caption\":\"spacanalsur\"},\"url\":\"https:\/\/spandalucia.com\/spacanalsur\/author\/spacanalsur\/\"}]}<\/script>\n<!-- \/ Yoast SEO plugin. -->","yoast_head_json":{"title":"CANAL SUR RENUEVA SU CONSEJO PROFESIONAL, TRAS DOS A\u00d1OS EN FUNCIONES - Secci\u00f3n Sindical del SPA en RTVA y CSRTV","robots":{"index":"index","follow":"follow","max-snippet":"max-snippet:-1","max-image-preview":"max-image-preview:large","max-video-preview":"max-video-preview:-1"},"canonical":"https:\/\/spandalucia.com\/spacanalsur\/canal-sur-renueva-su-consejo-profesional-tras-dos-anos-en-funciones\/","og_locale":"es_ES","og_type":"article","og_title":"CANAL SUR RENUEVA SU CONSEJO PROFESIONAL, TRAS DOS A\u00d1OS EN FUNCIONES - Secci\u00f3n Sindical del SPA en RTVA y CSRTV","og_description":"&#8211;El SPA colaborar\u00e1 y apoyar\u00e1 al nuevo Consejo en su defensa de un Canal Sur independiente y libre de injerencias, internas y externas&nbsp; La Radio Televisi\u00f3n de Andaluc\u00eda, Canal Sur, cuenta con un nuevo Consejo Profesional, tras las elecciones celebradas el pasado jueves, y que han contado con una partici\u00f3n mayor de la esperada. Con [&hellip;]","og_url":"https:\/\/spandalucia.com\/spacanalsur\/canal-sur-renueva-su-consejo-profesional-tras-dos-anos-en-funciones\/","og_site_name":"Secci\u00f3n Sindical del SPA en RTVA y CSRTV","article_published_time":"2021-03-30T11:20:00+00:00","article_modified_time":"2021-04-14T11:21:01+00:00","og_image":[{"url":"https:\/\/spandalucia.com\/spacanalsur\/wp-content\/uploads\/2021\/04\/unnamed.jpg"}],"twitter_card":"summary_large_image","twitter_misc":{"Escrito por":"spacanalsur","Tiempo de lectura":"3 minutos"},"schema":{"@context":"https:\/\/schema.org","@graph":[{"@type":"WebSite","@id":"https:\/\/spandalucia.com\/spacanalsur\/#website","url":"https:\/\/spandalucia.com\/spacanalsur\/","name":"Secci\u00f3n Sindical del SPA en RTVA y CSRTV","description":"P\u00e1gina de informaci\u00f3n de la Secci\u00f3n Sindical del SPA en Canal Sur","potentialAction":[{"@type":"SearchAction","target":{"@type":"EntryPoint","urlTemplate":"https:\/\/spandalucia.com\/spacanalsur\/?s={search_term_string}"},"query-input":"required name=search_term_string"}],"inLanguage":"es"},{"@type":"ImageObject","inLanguage":"es","@id":"https:\/\/spandalucia.com\/spacanalsur\/canal-sur-renueva-su-consejo-profesional-tras-dos-anos-en-funciones\/#primaryimage","url":"https:\/\/spandalucia.com\/spacanalsur\/wp-content\/uploads\/2021\/04\/unnamed.jpg","contentUrl":"https:\/\/spandalucia.com\/spacanalsur\/wp-content\/uploads\/2021\/04\/unnamed.jpg","width":1024,"height":768},{"@type":"WebPage","@id":"https:\/\/spandalucia.com\/spacanalsur\/canal-sur-renueva-su-consejo-profesional-tras-dos-anos-en-funciones\/#webpage","url":"https:\/\/spandalucia.com\/spacanalsur\/canal-sur-renueva-su-consejo-profesional-tras-dos-anos-en-funciones\/","name":"CANAL SUR RENUEVA SU CONSEJO PROFESIONAL, TRAS DOS A\u00d1OS EN FUNCIONES - Secci\u00f3n Sindical del SPA en RTVA y CSRTV","isPartOf":{"@id":"https:\/\/spandalucia.com\/spacanalsur\/#website"},"primaryImageOfPage":{"@id":"https:\/\/spandalucia.com\/spacanalsur\/canal-sur-renueva-su-consejo-profesional-tras-dos-anos-en-funciones\/#primaryimage"},"datePublished":"2021-03-30T11:20:00+00:00","dateModified":"2021-04-14T11:21:01+00:00","author":{"@id":"https:\/\/spandalucia.com\/spacanalsur\/#\/schema\/person\/5605724d9677a9e6124a0f8d0fc47402"},"breadcrumb":{"@id":"https:\/\/spandalucia.com\/spacanalsur\/canal-sur-renueva-su-consejo-profesional-tras-dos-anos-en-funciones\/#breadcrumb"},"inLanguage":"es","potentialAction":[{"@type":"ReadAction","target":["https:\/\/spandalucia.com\/spacanalsur\/canal-sur-renueva-su-consejo-profesional-tras-dos-anos-en-funciones\/"]}]},{"@type":"BreadcrumbList","@id":"https:\/\/spandalucia.com\/spacanalsur\/canal-sur-renueva-su-consejo-profesional-tras-dos-anos-en-funciones\/#breadcrumb","itemListElement":[{"@type":"ListItem","position":1,"name":"Portada","item":"https:\/\/spandalucia.com\/spacanalsur\/"},{"@type":"ListItem","position":2,"name":"CANAL SUR RENUEVA SU CONSEJO PROFESIONAL, TRAS DOS A\u00d1OS EN FUNCIONES"}]},{"@type":"Person","@id":"https:\/\/spandalucia.com\/spacanalsur\/#\/schema\/person\/5605724d9677a9e6124a0f8d0fc47402","name":"spacanalsur","image":{"@type":"ImageObject","inLanguage":"es","@id":"https:\/\/spandalucia.com\/spacanalsur\/#\/schema\/person\/image\/","url":"https:\/\/secure.gravatar.com\/avatar\/53d83e22630d79f6452bef0b9e8249ac?s=96&d=mm&r=g","contentUrl":"https:\/\/secure.gravatar.com\/avatar\/53d83e22630d79f6452bef0b9e8249ac?s=96&d=mm&r=g","caption":"spacanalsur"},"url":"https:\/\/spandalucia.com\/spacanalsur\/author\/spacanalsur\/"}]}},"_links":{"self":[{"href":"https:\/\/spandalucia.com\/spacanalsur\/wp-json\/wp\/v2\/posts\/580"}],"collection":[{"href":"https:\/\/spandalucia.com\/spacanalsur\/wp-json\/wp\/v2\/posts"}],"about":[{"href":"https:\/\/spandalucia.com\/spacanalsur\/wp-json\/wp\/v2\/types\/post"}],"author":[{"embeddable":true,"href":"https:\/\/spandalucia.com\/spacanalsur\/wp-json\/wp\/v2\/users\/2"}],"replies":[{"embeddable":true,"href":"https:\/\/spandalucia.com\/spacanalsur\/wp-json\/wp\/v2\/comments?post=580"}],"version-history":[{"count":2,"href":"https:\/\/spandalucia.com\/spacanalsur\/wp-json\/wp\/v2\/posts\/580\/revisions"}],"predecessor-version":[{"id":583,"href":"https:\/\/spandalucia.com\/spacanalsur\/wp-json\/wp\/v2\/posts\/580\/revisions\/583"}],"wp:attachment":[{"href":"https:\/\/spandalucia.com\/spacanalsur\/wp-json\/wp\/v2\/media?parent=580"}],"wp:term":[{"taxonomy":"category","embeddable":true,"href":"https:\/\/spandalucia.com\/spacanalsur\/wp-json\/wp\/v2\/categories?post=580"},{"taxonomy":"post_tag","embeddable":true,"href":"https:\/\/spandalucia.com\/spacanalsur\/wp-json\/wp\/v2\/tags?post=580"}],"curies":[{"name":"wp","href":"https:\/\/api.w.org\/{rel}","templated":true}]}}