{"id":827,"date":"2023-03-17T16:33:20","date_gmt":"2023-03-17T16:33:20","guid":{"rendered":"https:\/\/spandalucia.com\/spacanalsur\/?p=827"},"modified":"2025-11-10T16:33:42","modified_gmt":"2025-11-10T16:33:42","slug":"canal-sur-tambien-rescata-a-cargos-de-ciudadanos","status":"publish","type":"post","link":"https:\/\/spandalucia.com\/spacanalsur\/canal-sur-tambien-rescata-a-cargos-de-ciudadanos\/","title":{"rendered":"CANAL SUR TAMBI\u00c9N RESCATA A \t\tCARGOS DE CIUDADANOS"},"content":{"rendered":"\n<p>La direcci\u00f3n ha seguido los pasos del PP y ha decidido rescatar a uno de los cargos que durante casi 3 a\u00f1os estuvo por Ciudadanos en esta empresa, d\u00e1ndole un contrato de trabajo en la redacci\u00f3n de la tele de Sevilla. Se trata de Desire\u00e9 Garc\u00eda, la que hasta diciembre pasado fuera directora Adjunta de Contenidos Informativos y Transici\u00f3n Digital. Entre sus m\u00e9ritos ser Ex-jefa de prensa del partido naranja. Pues bien, vuelve, pero esta vez como trabajadora y sin estar la bolsa de trabajo, requisito imprescindible para poder acceder a un contrato en Canal Sur. As\u00ed lo entendemos en el SPA y as\u00ed deber\u00eda entenderlo esta direcci\u00f3n, m\u00e1s a\u00fan cuando apenas existen contrataciones y hay muchos\/as compa\u00f1eros\/as, con a\u00f1os de experiencia en la empresa a la espera de que se les llame.<br>\u00a0<br>\u00a0<br><strong>UNA TRIMESTRAL COMO ANTESALA DE UN CESE ANUNCIADO<\/strong><br>\u00a0<br>Como sab\u00e9is este jueves nos hemos despertado con el cese del director de Recursos Humanos, Enrique D\u00edaz. Un compa\u00f1ero de la casa que llevaba ejerciendo el cargo desde enero de 2021. Sabemos que lo sustituir\u00e1 Francisco Castilla Barrera, pero desconocemos con qu\u00e9 talante y misi\u00f3n llega. Lo que est\u00e1 claro es que tardar\u00e1 semanas en conocer los entresijos de la empresa y eso es algo que nos preocupa porque hay muchos asuntos pendientes de resolver y poner en marcha cuanto antes, empezando por el proceso de estabilizaci\u00f3n.<br>\u00a0<br>El lunes 20 de marzo estaba prevista reuni\u00f3n de mesa de contrataci\u00f3n que ha sido cancelada. En ella se iba a firmar el listado provisional de traslados temporales de 2023, cuya convocatoria ha sido muy reciente. Pero tenemos a muchos compa\u00f1eros esperando desde 2021 y 2022 a las bolsas internas definitivas adaptadas ya al nuevo reglamento de la mesa de contrataci\u00f3n de redactores\/as, realizadores\/as, documentalistas, jefe de secci\u00f3n de Seguridad Social y T\u00e9cnico\/a de Formaci\u00f3n. Ya se hab\u00edan visto las reclamaciones y en esa reuni\u00f3n se iban a firmar los listados definitivos.<br>\u00a0<br>Adem\u00e1s, deb\u00edan convocarse bolsas externas de redactores\/as, operador\/a de sonido, ayte de realizaci\u00f3n y el\u00e9ctrico de iluminaci\u00f3n. Hace dos a\u00f1os que se licit\u00f3 el dise\u00f1o de una aplicaci\u00f3n para que el proceso fuera totalmente telem\u00e1tico y todav\u00eda la empresa adjudicataria no ha podido ponerlo en marcha ni cobrar. Hasta que el nuevo director de RRHH se ponga al d\u00eda va a pasar tiempo, y seguiremos sin bolsas externas y dependiendo del SAE, cuyos procesos de selecci\u00f3n est\u00e1n siendo muy cuestionados.<br><br>\u00a0<br><strong>UN MES DE LA IMPLANTACI\u00d3N DE LA NUEVA PLATAFORMA DIGITAL<\/strong><br>\u00a0<br>En otro orden de cosas informaros que en la Trimestral que se ha celebrado este mi\u00e9rcoles, una vez m\u00e1s la direcci\u00f3n de informativos apareci\u00f3 en la trimestral sin ning\u00fan informe por escrito. Echamos en falta, entre otras cosas, que nos informen de c\u00f3mo se van a desarrollar las pr\u00f3ximas semanas donde se concentran varios hitos informativos de especial inter\u00e9s y relevancia como la Semana Santa, la Feria de Abril, las elecciones municipales y europeas y el Roc\u00edo. Con respecto al funcionamiento de la redacci\u00f3n de Televisi\u00f3n desde el SPA pedimos que las escaletas en vez de estar a partir de las 12 del mediod\u00eda y de las siete de la tarde se decidan mucho antes y que se comuniquen por v\u00eda personal o telef\u00f3nica en vez de por whastapp.<br>\u00a0<br>Hace ya un mes que se complet\u00f3 la puesta en marcha de la nueva plataforma digital de edici\u00f3n, emisi\u00f3n y archivo al integrarse el \u00faltimo centro, el de San Juan de Aznalfarache, y son muchas las dificultades, contratiempos, carencias en formaci\u00f3n y errores que se han tenido que ir solventando sobre la marcha. Incidencias y problemas que desde los sindicatos trasladamos al director t\u00e9cnico, Pedro Espino, con el que nos reunimos hace ya m\u00e1s de un mes, y que hemos vuelto a trasladar en la Trimestral. La falta de manuales en espa\u00f1ol, protocolos de trabajo entre departamentos y \u00e1reas, flujos de trabajo claros, junto con la carencia de personal que ha dificultado sobre manera la formaci\u00f3n de los\/as trabajadores\/as, han sido los principales problemas a los que se han tenido que enfrentar la plantilla de la televisi\u00f3n en su puesta en marcha. Y aunque tanto el director t\u00e9cnico como el director de Producci\u00f3n, Jos\u00e9 Carlos Su\u00e1rez, han asegurado que se est\u00e1 trabajando para tener todos los manuales, en crear protocolos y flujos de trabajo claros entre departamentos y centros de trabajo, y que \u00e9stos puedan estar accesibles para toda la plantilla en la intranet, desde el Intercentros se ha solicitado a la direcci\u00f3n m\u00e1s formaci\u00f3n.<\/p>\n","protected":false},"excerpt":{"rendered":"<p>La direcci\u00f3n ha seguido los pasos del PP y ha decidido rescatar a uno de los cargos que durante casi 3 a\u00f1os estuvo por Ciudadanos en esta empresa, d\u00e1ndole un contrato de trabajo en la redacci\u00f3n de la tele de Sevilla. Se trata de Desire\u00e9 Garc\u00eda, la que hasta diciembre pasado fuera directora Adjunta de [&hellip;]<\/p>\n","protected":false},"author":2,"featured_media":0,"comment_status":"open","ping_status":"open","sticky":false,"template":"","format":"standard","meta":[],"categories":[1],"tags":[],"acf":[],"yoast_head":"<!-- This site is optimized with the Yoast SEO plugin v19.0 - https:\/\/yoast.com\/wordpress\/plugins\/seo\/ -->\n<title>CANAL SUR TAMBI\u00c9N RESCATA A  CARGOS DE CIUDADANOS - Secci\u00f3n Sindical del SPA en RTVA y CSRTV<\/title>\n<meta name=\"robots\" content=\"index, follow, max-snippet:-1, max-image-preview:large, max-video-preview:-1\" \/>\n<link rel=\"canonical\" href=\"https:\/\/spandalucia.com\/spacanalsur\/canal-sur-tambien-rescata-a-cargos-de-ciudadanos\/\" \/>\n<meta property=\"og:locale\" content=\"es_ES\" \/>\n<meta property=\"og:type\" content=\"article\" \/>\n<meta property=\"og:title\" content=\"CANAL SUR TAMBI\u00c9N RESCATA A  CARGOS DE CIUDADANOS - Secci\u00f3n Sindical del SPA en RTVA y CSRTV\" \/>\n<meta property=\"og:description\" content=\"La direcci\u00f3n ha seguido los pasos del PP y ha decidido rescatar a uno de los cargos que durante casi 3 a\u00f1os estuvo por Ciudadanos en esta empresa, d\u00e1ndole un contrato de trabajo en la redacci\u00f3n de la tele de Sevilla. Se trata de Desire\u00e9 Garc\u00eda, la que hasta diciembre pasado fuera directora Adjunta de [&hellip;]\" \/>\n<meta property=\"og:url\" content=\"https:\/\/spandalucia.com\/spacanalsur\/canal-sur-tambien-rescata-a-cargos-de-ciudadanos\/\" \/>\n<meta property=\"og:site_name\" content=\"Secci\u00f3n Sindical del SPA en RTVA y CSRTV\" \/>\n<meta property=\"article:published_time\" content=\"2023-03-17T16:33:20+00:00\" \/>\n<meta property=\"article:modified_time\" content=\"2025-11-10T16:33:42+00:00\" \/>\n<meta name=\"twitter:card\" content=\"summary_large_image\" \/>\n<meta name=\"twitter:label1\" content=\"Escrito por\" \/>\n\t<meta name=\"twitter:data1\" content=\"spacanalsur\" \/>\n\t<meta name=\"twitter:label2\" content=\"Tiempo de lectura\" \/>\n\t<meta name=\"twitter:data2\" content=\"4 minutos\" \/>\n<script type=\"application\/ld+json\" class=\"yoast-schema-graph\">{\"@context\":\"https:\/\/schema.org\",\"@graph\":[{\"@type\":\"WebSite\",\"@id\":\"https:\/\/spandalucia.com\/spacanalsur\/#website\",\"url\":\"https:\/\/spandalucia.com\/spacanalsur\/\",\"name\":\"Secci\u00f3n Sindical del SPA en RTVA y CSRTV\",\"description\":\"P\u00e1gina de informaci\u00f3n de la Secci\u00f3n Sindical del SPA en Canal Sur\",\"potentialAction\":[{\"@type\":\"SearchAction\",\"target\":{\"@type\":\"EntryPoint\",\"urlTemplate\":\"https:\/\/spandalucia.com\/spacanalsur\/?s={search_term_string}\"},\"query-input\":\"required name=search_term_string\"}],\"inLanguage\":\"es\"},{\"@type\":\"WebPage\",\"@id\":\"https:\/\/spandalucia.com\/spacanalsur\/canal-sur-tambien-rescata-a-cargos-de-ciudadanos\/#webpage\",\"url\":\"https:\/\/spandalucia.com\/spacanalsur\/canal-sur-tambien-rescata-a-cargos-de-ciudadanos\/\",\"name\":\"CANAL SUR TAMBI\u00c9N RESCATA A CARGOS DE CIUDADANOS - Secci\u00f3n Sindical del SPA en RTVA y CSRTV\",\"isPartOf\":{\"@id\":\"https:\/\/spandalucia.com\/spacanalsur\/#website\"},\"datePublished\":\"2023-03-17T16:33:20+00:00\",\"dateModified\":\"2025-11-10T16:33:42+00:00\",\"author\":{\"@id\":\"https:\/\/spandalucia.com\/spacanalsur\/#\/schema\/person\/5605724d9677a9e6124a0f8d0fc47402\"},\"breadcrumb\":{\"@id\":\"https:\/\/spandalucia.com\/spacanalsur\/canal-sur-tambien-rescata-a-cargos-de-ciudadanos\/#breadcrumb\"},\"inLanguage\":\"es\",\"potentialAction\":[{\"@type\":\"ReadAction\",\"target\":[\"https:\/\/spandalucia.com\/spacanalsur\/canal-sur-tambien-rescata-a-cargos-de-ciudadanos\/\"]}]},{\"@type\":\"BreadcrumbList\",\"@id\":\"https:\/\/spandalucia.com\/spacanalsur\/canal-sur-tambien-rescata-a-cargos-de-ciudadanos\/#breadcrumb\",\"itemListElement\":[{\"@type\":\"ListItem\",\"position\":1,\"name\":\"Portada\",\"item\":\"https:\/\/spandalucia.com\/spacanalsur\/\"},{\"@type\":\"ListItem\",\"position\":2,\"name\":\"CANAL SUR TAMBI\u00c9N RESCATA A CARGOS DE CIUDADANOS\"}]},{\"@type\":\"Person\",\"@id\":\"https:\/\/spandalucia.com\/spacanalsur\/#\/schema\/person\/5605724d9677a9e6124a0f8d0fc47402\",\"name\":\"spacanalsur\",\"image\":{\"@type\":\"ImageObject\",\"inLanguage\":\"es\",\"@id\":\"https:\/\/spandalucia.com\/spacanalsur\/#\/schema\/person\/image\/\",\"url\":\"https:\/\/secure.gravatar.com\/avatar\/53d83e22630d79f6452bef0b9e8249ac?s=96&d=mm&r=g\",\"contentUrl\":\"https:\/\/secure.gravatar.com\/avatar\/53d83e22630d79f6452bef0b9e8249ac?s=96&d=mm&r=g\",\"caption\":\"spacanalsur\"},\"url\":\"https:\/\/spandalucia.com\/spacanalsur\/author\/spacanalsur\/\"}]}<\/script>\n<!-- \/ Yoast SEO plugin. -->","yoast_head_json":{"title":"CANAL SUR TAMBI\u00c9N RESCATA A  CARGOS DE CIUDADANOS - Secci\u00f3n Sindical del SPA en RTVA y CSRTV","robots":{"index":"index","follow":"follow","max-snippet":"max-snippet:-1","max-image-preview":"max-image-preview:large","max-video-preview":"max-video-preview:-1"},"canonical":"https:\/\/spandalucia.com\/spacanalsur\/canal-sur-tambien-rescata-a-cargos-de-ciudadanos\/","og_locale":"es_ES","og_type":"article","og_title":"CANAL SUR TAMBI\u00c9N RESCATA A  CARGOS DE CIUDADANOS - Secci\u00f3n Sindical del SPA en RTVA y CSRTV","og_description":"La direcci\u00f3n ha seguido los pasos del PP y ha decidido rescatar a uno de los cargos que durante casi 3 a\u00f1os estuvo por Ciudadanos en esta empresa, d\u00e1ndole un contrato de trabajo en la redacci\u00f3n de la tele de Sevilla. Se trata de Desire\u00e9 Garc\u00eda, la que hasta diciembre pasado fuera directora Adjunta de [&hellip;]","og_url":"https:\/\/spandalucia.com\/spacanalsur\/canal-sur-tambien-rescata-a-cargos-de-ciudadanos\/","og_site_name":"Secci\u00f3n Sindical del SPA en RTVA y CSRTV","article_published_time":"2023-03-17T16:33:20+00:00","article_modified_time":"2025-11-10T16:33:42+00:00","twitter_card":"summary_large_image","twitter_misc":{"Escrito por":"spacanalsur","Tiempo de lectura":"4 minutos"},"schema":{"@context":"https:\/\/schema.org","@graph":[{"@type":"WebSite","@id":"https:\/\/spandalucia.com\/spacanalsur\/#website","url":"https:\/\/spandalucia.com\/spacanalsur\/","name":"Secci\u00f3n Sindical del SPA en RTVA y CSRTV","description":"P\u00e1gina de informaci\u00f3n de la Secci\u00f3n Sindical del SPA en Canal Sur","potentialAction":[{"@type":"SearchAction","target":{"@type":"EntryPoint","urlTemplate":"https:\/\/spandalucia.com\/spacanalsur\/?s={search_term_string}"},"query-input":"required name=search_term_string"}],"inLanguage":"es"},{"@type":"WebPage","@id":"https:\/\/spandalucia.com\/spacanalsur\/canal-sur-tambien-rescata-a-cargos-de-ciudadanos\/#webpage","url":"https:\/\/spandalucia.com\/spacanalsur\/canal-sur-tambien-rescata-a-cargos-de-ciudadanos\/","name":"CANAL SUR TAMBI\u00c9N RESCATA A CARGOS DE CIUDADANOS - Secci\u00f3n Sindical del SPA en RTVA y CSRTV","isPartOf":{"@id":"https:\/\/spandalucia.com\/spacanalsur\/#website"},"datePublished":"2023-03-17T16:33:20+00:00","dateModified":"2025-11-10T16:33:42+00:00","author":{"@id":"https:\/\/spandalucia.com\/spacanalsur\/#\/schema\/person\/5605724d9677a9e6124a0f8d0fc47402"},"breadcrumb":{"@id":"https:\/\/spandalucia.com\/spacanalsur\/canal-sur-tambien-rescata-a-cargos-de-ciudadanos\/#breadcrumb"},"inLanguage":"es","potentialAction":[{"@type":"ReadAction","target":["https:\/\/spandalucia.com\/spacanalsur\/canal-sur-tambien-rescata-a-cargos-de-ciudadanos\/"]}]},{"@type":"BreadcrumbList","@id":"https:\/\/spandalucia.com\/spacanalsur\/canal-sur-tambien-rescata-a-cargos-de-ciudadanos\/#breadcrumb","itemListElement":[{"@type":"ListItem","position":1,"name":"Portada","item":"https:\/\/spandalucia.com\/spacanalsur\/"},{"@type":"ListItem","position":2,"name":"CANAL SUR TAMBI\u00c9N RESCATA A CARGOS DE CIUDADANOS"}]},{"@type":"Person","@id":"https:\/\/spandalucia.com\/spacanalsur\/#\/schema\/person\/5605724d9677a9e6124a0f8d0fc47402","name":"spacanalsur","image":{"@type":"ImageObject","inLanguage":"es","@id":"https:\/\/spandalucia.com\/spacanalsur\/#\/schema\/person\/image\/","url":"https:\/\/secure.gravatar.com\/avatar\/53d83e22630d79f6452bef0b9e8249ac?s=96&d=mm&r=g","contentUrl":"https:\/\/secure.gravatar.com\/avatar\/53d83e22630d79f6452bef0b9e8249ac?s=96&d=mm&r=g","caption":"spacanalsur"},"url":"https:\/\/spandalucia.com\/spacanalsur\/author\/spacanalsur\/"}]}},"_links":{"self":[{"href":"https:\/\/spandalucia.com\/spacanalsur\/wp-json\/wp\/v2\/posts\/827"}],"collection":[{"href":"https:\/\/spandalucia.com\/spacanalsur\/wp-json\/wp\/v2\/posts"}],"about":[{"href":"https:\/\/spandalucia.com\/spacanalsur\/wp-json\/wp\/v2\/types\/post"}],"author":[{"embeddable":true,"href":"https:\/\/spandalucia.com\/spacanalsur\/wp-json\/wp\/v2\/users\/2"}],"replies":[{"embeddable":true,"href":"https:\/\/spandalucia.com\/spacanalsur\/wp-json\/wp\/v2\/comments?post=827"}],"version-history":[{"count":1,"href":"https:\/\/spandalucia.com\/spacanalsur\/wp-json\/wp\/v2\/posts\/827\/revisions"}],"predecessor-version":[{"id":828,"href":"https:\/\/spandalucia.com\/spacanalsur\/wp-json\/wp\/v2\/posts\/827\/revisions\/828"}],"wp:attachment":[{"href":"https:\/\/spandalucia.com\/spacanalsur\/wp-json\/wp\/v2\/media?parent=827"}],"wp:term":[{"taxonomy":"category","embeddable":true,"href":"https:\/\/spandalucia.com\/spacanalsur\/wp-json\/wp\/v2\/categories?post=827"},{"taxonomy":"post_tag","embeddable":true,"href":"https:\/\/spandalucia.com\/spacanalsur\/wp-json\/wp\/v2\/tags?post=827"}],"curies":[{"name":"wp","href":"https:\/\/api.w.org\/{rel}","templated":true}]}}