{"id":861,"date":"2023-06-12T09:55:59","date_gmt":"2023-06-12T09:55:59","guid":{"rendered":"https:\/\/spandalucia.com\/spacanalsur\/?p=861"},"modified":"2025-11-13T09:56:37","modified_gmt":"2025-11-13T09:56:37","slug":"la-junta-y-mellado-dejan-a-andalucia-sin-informativos-locales-en-plena-campana-electoral","status":"publish","type":"post","link":"https:\/\/spandalucia.com\/spacanalsur\/la-junta-y-mellado-dejan-a-andalucia-sin-informativos-locales-en-plena-campana-electoral\/","title":{"rendered":"LA JUNTA Y MELLADO DEJAN A ANDALUC\u00cdA SIN INFORMATIVOS LOCALES EN PLENA CAMPA\u00d1A ELECTORAL"},"content":{"rendered":"\n<figure class=\"wp-block-table\"><table class=\"table table-hover\"><tbody><tr><td><em>LA DIRECCI\u00d3N SE EXCUSA EN LA PLANTILLA PARA ESTABLECER UNA MEDIDA SIN PRECEDENTE<\/em><\/td><\/tr><\/tbody><\/table><\/figure>\n\n\n\n<figure class=\"wp-block-table\"><table class=\"table table-hover\"><tbody><tr><td class=\"has-text-align-center\" data-align=\"center\"><strong>&nbsp;&nbsp;&nbsp;&nbsp;&nbsp;&nbsp;&nbsp;&nbsp;&nbsp;&nbsp;&nbsp;&nbsp;&nbsp;&nbsp;&nbsp;&nbsp;&nbsp; El Sindicato de Periodistas de Andaluc\u00eda (SPA)<\/strong><br>&nbsp;&nbsp;&nbsp;&nbsp;&nbsp;&nbsp;&nbsp;&nbsp;&nbsp;&nbsp;&nbsp;&nbsp; exige que se explique p\u00fablicamente y pedir\u00e1 que<br>&nbsp;&nbsp;&nbsp;&nbsp;&nbsp;&nbsp;&nbsp;&nbsp;&nbsp; se trate en el Parlamento de Andaluc\u00eda<\/td><\/tr><\/tbody><\/table><\/figure>\n\n\n\n<p>En uno de los momentos en los que se acumulan m\u00e1s cr\u00edticas a Canal Sur por imparcialidad y por manipulaci\u00f3n informativa, (desde el Consejo Profesional a la propia plantilla pasando por medios de comunicaci\u00f3n, ciudadan\u00eda y grupos pol\u00edticos), la Direcci\u00f3n de Canal Sur pretende dejar sin informativos locales a la audiencia andaluza en plena campa\u00f1a para las Elecciones Generales y en \u00e9poca de constituci\u00f3n de Ayuntamientos, Diputaciones y de Gobiernos en varias Comunidades Aut\u00f3nomas. Todo un desprop\u00f3sito.<\/p>\n\n\n\n<p>Pero lo lamentable es la justificaci\u00f3n que ha utilizado la Direcci\u00f3n para este caso en su comunicado p\u00fablico, en el que incluso ha llegado a utilizar, sin ning\u00fan tipo de rubor, a la plantilla para esconder unos prop\u00f3sitos que nadie comprende ni comparte. Para Mellado y Cabrera la culpa es de los\/as trabajadores\/as, cuando ni siquiera han ofrecido una negociaci\u00f3n a la parte social ni han planteado una programaci\u00f3n alternativa como la de a\u00f1os anteriores en los que incluso se lleg\u00f3 a finales de julio.<\/p>\n\n\n\n<figure class=\"wp-block-table\"><table class=\"table table-hover\"><tbody><tr><td>Ahora, durante los meses de julio y agosto no se emitir\u00e1n en Canal Sur los informativos provinciales de Televisi\u00f3n, ni los de mediod\u00eda ni los de la tarde, y se reducir\u00e1n al m\u00ednimo los de radio, algo que no ocurr\u00eda desde hace muchos a\u00f1os. Adem\u00e1s, esto ocurre en un periodo muy especial en el que la actualidad pol\u00edtica y la llegada de una cita electoral obligar\u00eda a Canal Sur a incluir en su parrilla espacios informativos especiales, dado su car\u00e1cter de medio p\u00fablico.<br>&nbsp;<br>Llama todo esto a\u00fan m\u00e1s la atenci\u00f3n cuando apenas se cumple un par de meses de ese arrebato directivo que pretend\u00eda convertir un d\u00eda Festivo nacional (que hasta ese d\u00eda nunca se hab\u00eda trabajado salvo con las guardias correspondientes) en un gran despliegue informativo que no comprend\u00edan ni en el departamento de Recursos Humanos.<br>&nbsp; Desde el <strong>Sindicato de Periodistas de Andaluc\u00eda (SPA) <\/strong>vamos a mostrar nuestra unidad con el resto de fuerzas sindicales de RTVA para intentar revertir esta medida y nos ponemos, desde este mismo momento, a disposici\u00f3n de todas las partes para alcanzar un acuerdo que impida que se cometa otra tropel\u00eda m\u00e1s en Canal Sur.<br><\/td><\/tr><\/tbody><\/table><\/figure>\n","protected":false},"excerpt":{"rendered":"<p>LA DIRECCI\u00d3N SE EXCUSA EN LA PLANTILLA PARA ESTABLECER UNA MEDIDA SIN PRECEDENTE &nbsp;&nbsp;&nbsp;&nbsp;&nbsp;&nbsp;&nbsp;&nbsp;&nbsp;&nbsp;&nbsp;&nbsp;&nbsp;&nbsp;&nbsp;&nbsp;&nbsp; El Sindicato de Periodistas de Andaluc\u00eda (SPA)&nbsp;&nbsp;&nbsp;&nbsp;&nbsp;&nbsp;&nbsp;&nbsp;&nbsp;&nbsp;&nbsp;&nbsp; exige que se explique p\u00fablicamente y pedir\u00e1 que&nbsp;&nbsp;&nbsp;&nbsp;&nbsp;&nbsp;&nbsp;&nbsp;&nbsp; se trate en el Parlamento de Andaluc\u00eda En uno de los momentos en los que se acumulan m\u00e1s cr\u00edticas a Canal Sur por imparcialidad y por [&hellip;]<\/p>\n","protected":false},"author":2,"featured_media":0,"comment_status":"open","ping_status":"open","sticky":false,"template":"","format":"standard","meta":[],"categories":[1],"tags":[],"acf":[],"yoast_head":"<!-- This site is optimized with the Yoast SEO plugin v19.0 - https:\/\/yoast.com\/wordpress\/plugins\/seo\/ -->\n<title>LA JUNTA Y MELLADO DEJAN A ANDALUC\u00cdA SIN INFORMATIVOS LOCALES EN PLENA CAMPA\u00d1A ELECTORAL - Secci\u00f3n Sindical del SPA en RTVA y CSRTV<\/title>\n<meta name=\"robots\" content=\"index, follow, max-snippet:-1, max-image-preview:large, max-video-preview:-1\" \/>\n<link rel=\"canonical\" href=\"https:\/\/spandalucia.com\/spacanalsur\/la-junta-y-mellado-dejan-a-andalucia-sin-informativos-locales-en-plena-campana-electoral\/\" \/>\n<meta property=\"og:locale\" content=\"es_ES\" \/>\n<meta property=\"og:type\" content=\"article\" \/>\n<meta property=\"og:title\" content=\"LA JUNTA Y MELLADO DEJAN A ANDALUC\u00cdA SIN INFORMATIVOS LOCALES EN PLENA CAMPA\u00d1A ELECTORAL - Secci\u00f3n Sindical del SPA en RTVA y CSRTV\" \/>\n<meta property=\"og:description\" content=\"LA DIRECCI\u00d3N SE EXCUSA EN LA PLANTILLA PARA ESTABLECER UNA MEDIDA SIN PRECEDENTE &nbsp;&nbsp;&nbsp;&nbsp;&nbsp;&nbsp;&nbsp;&nbsp;&nbsp;&nbsp;&nbsp;&nbsp;&nbsp;&nbsp;&nbsp;&nbsp;&nbsp; El Sindicato de Periodistas de Andaluc\u00eda (SPA)&nbsp;&nbsp;&nbsp;&nbsp;&nbsp;&nbsp;&nbsp;&nbsp;&nbsp;&nbsp;&nbsp;&nbsp; exige que se explique p\u00fablicamente y pedir\u00e1 que&nbsp;&nbsp;&nbsp;&nbsp;&nbsp;&nbsp;&nbsp;&nbsp;&nbsp; se trate en el Parlamento de Andaluc\u00eda En uno de los momentos en los que se acumulan m\u00e1s cr\u00edticas a Canal Sur por imparcialidad y por [&hellip;]\" \/>\n<meta property=\"og:url\" content=\"https:\/\/spandalucia.com\/spacanalsur\/la-junta-y-mellado-dejan-a-andalucia-sin-informativos-locales-en-plena-campana-electoral\/\" \/>\n<meta property=\"og:site_name\" content=\"Secci\u00f3n Sindical del SPA en RTVA y CSRTV\" \/>\n<meta property=\"article:published_time\" content=\"2023-06-12T09:55:59+00:00\" \/>\n<meta property=\"article:modified_time\" content=\"2025-11-13T09:56:37+00:00\" \/>\n<meta name=\"twitter:card\" content=\"summary_large_image\" \/>\n<meta name=\"twitter:label1\" content=\"Escrito por\" \/>\n\t<meta name=\"twitter:data1\" content=\"spacanalsur\" \/>\n\t<meta name=\"twitter:label2\" content=\"Tiempo de lectura\" \/>\n\t<meta name=\"twitter:data2\" content=\"2 minutos\" \/>\n<script type=\"application\/ld+json\" class=\"yoast-schema-graph\">{\"@context\":\"https:\/\/schema.org\",\"@graph\":[{\"@type\":\"WebSite\",\"@id\":\"https:\/\/spandalucia.com\/spacanalsur\/#website\",\"url\":\"https:\/\/spandalucia.com\/spacanalsur\/\",\"name\":\"Secci\u00f3n Sindical del SPA en RTVA y CSRTV\",\"description\":\"P\u00e1gina de informaci\u00f3n de la Secci\u00f3n Sindical del SPA en Canal Sur\",\"potentialAction\":[{\"@type\":\"SearchAction\",\"target\":{\"@type\":\"EntryPoint\",\"urlTemplate\":\"https:\/\/spandalucia.com\/spacanalsur\/?s={search_term_string}\"},\"query-input\":\"required name=search_term_string\"}],\"inLanguage\":\"es\"},{\"@type\":\"WebPage\",\"@id\":\"https:\/\/spandalucia.com\/spacanalsur\/la-junta-y-mellado-dejan-a-andalucia-sin-informativos-locales-en-plena-campana-electoral\/#webpage\",\"url\":\"https:\/\/spandalucia.com\/spacanalsur\/la-junta-y-mellado-dejan-a-andalucia-sin-informativos-locales-en-plena-campana-electoral\/\",\"name\":\"LA JUNTA Y MELLADO DEJAN A ANDALUC\u00cdA SIN INFORMATIVOS LOCALES EN PLENA CAMPA\u00d1A ELECTORAL - Secci\u00f3n Sindical del SPA en RTVA y CSRTV\",\"isPartOf\":{\"@id\":\"https:\/\/spandalucia.com\/spacanalsur\/#website\"},\"datePublished\":\"2023-06-12T09:55:59+00:00\",\"dateModified\":\"2025-11-13T09:56:37+00:00\",\"author\":{\"@id\":\"https:\/\/spandalucia.com\/spacanalsur\/#\/schema\/person\/5605724d9677a9e6124a0f8d0fc47402\"},\"breadcrumb\":{\"@id\":\"https:\/\/spandalucia.com\/spacanalsur\/la-junta-y-mellado-dejan-a-andalucia-sin-informativos-locales-en-plena-campana-electoral\/#breadcrumb\"},\"inLanguage\":\"es\",\"potentialAction\":[{\"@type\":\"ReadAction\",\"target\":[\"https:\/\/spandalucia.com\/spacanalsur\/la-junta-y-mellado-dejan-a-andalucia-sin-informativos-locales-en-plena-campana-electoral\/\"]}]},{\"@type\":\"BreadcrumbList\",\"@id\":\"https:\/\/spandalucia.com\/spacanalsur\/la-junta-y-mellado-dejan-a-andalucia-sin-informativos-locales-en-plena-campana-electoral\/#breadcrumb\",\"itemListElement\":[{\"@type\":\"ListItem\",\"position\":1,\"name\":\"Portada\",\"item\":\"https:\/\/spandalucia.com\/spacanalsur\/\"},{\"@type\":\"ListItem\",\"position\":2,\"name\":\"LA JUNTA Y MELLADO DEJAN A ANDALUC\u00cdA SIN INFORMATIVOS LOCALES EN PLENA CAMPA\u00d1A ELECTORAL\"}]},{\"@type\":\"Person\",\"@id\":\"https:\/\/spandalucia.com\/spacanalsur\/#\/schema\/person\/5605724d9677a9e6124a0f8d0fc47402\",\"name\":\"spacanalsur\",\"image\":{\"@type\":\"ImageObject\",\"inLanguage\":\"es\",\"@id\":\"https:\/\/spandalucia.com\/spacanalsur\/#\/schema\/person\/image\/\",\"url\":\"https:\/\/secure.gravatar.com\/avatar\/53d83e22630d79f6452bef0b9e8249ac?s=96&d=mm&r=g\",\"contentUrl\":\"https:\/\/secure.gravatar.com\/avatar\/53d83e22630d79f6452bef0b9e8249ac?s=96&d=mm&r=g\",\"caption\":\"spacanalsur\"},\"url\":\"https:\/\/spandalucia.com\/spacanalsur\/author\/spacanalsur\/\"}]}<\/script>\n<!-- \/ Yoast SEO plugin. -->","yoast_head_json":{"title":"LA JUNTA Y MELLADO DEJAN A ANDALUC\u00cdA SIN INFORMATIVOS LOCALES EN PLENA CAMPA\u00d1A ELECTORAL - Secci\u00f3n Sindical del SPA en RTVA y CSRTV","robots":{"index":"index","follow":"follow","max-snippet":"max-snippet:-1","max-image-preview":"max-image-preview:large","max-video-preview":"max-video-preview:-1"},"canonical":"https:\/\/spandalucia.com\/spacanalsur\/la-junta-y-mellado-dejan-a-andalucia-sin-informativos-locales-en-plena-campana-electoral\/","og_locale":"es_ES","og_type":"article","og_title":"LA JUNTA Y MELLADO DEJAN A ANDALUC\u00cdA SIN INFORMATIVOS LOCALES EN PLENA CAMPA\u00d1A ELECTORAL - Secci\u00f3n Sindical del SPA en RTVA y CSRTV","og_description":"LA DIRECCI\u00d3N SE EXCUSA EN LA PLANTILLA PARA ESTABLECER UNA MEDIDA SIN PRECEDENTE &nbsp;&nbsp;&nbsp;&nbsp;&nbsp;&nbsp;&nbsp;&nbsp;&nbsp;&nbsp;&nbsp;&nbsp;&nbsp;&nbsp;&nbsp;&nbsp;&nbsp; El Sindicato de Periodistas de Andaluc\u00eda (SPA)&nbsp;&nbsp;&nbsp;&nbsp;&nbsp;&nbsp;&nbsp;&nbsp;&nbsp;&nbsp;&nbsp;&nbsp; exige que se explique p\u00fablicamente y pedir\u00e1 que&nbsp;&nbsp;&nbsp;&nbsp;&nbsp;&nbsp;&nbsp;&nbsp;&nbsp; se trate en el Parlamento de Andaluc\u00eda En uno de los momentos en los que se acumulan m\u00e1s cr\u00edticas a Canal Sur por imparcialidad y por [&hellip;]","og_url":"https:\/\/spandalucia.com\/spacanalsur\/la-junta-y-mellado-dejan-a-andalucia-sin-informativos-locales-en-plena-campana-electoral\/","og_site_name":"Secci\u00f3n Sindical del SPA en RTVA y CSRTV","article_published_time":"2023-06-12T09:55:59+00:00","article_modified_time":"2025-11-13T09:56:37+00:00","twitter_card":"summary_large_image","twitter_misc":{"Escrito por":"spacanalsur","Tiempo de lectura":"2 minutos"},"schema":{"@context":"https:\/\/schema.org","@graph":[{"@type":"WebSite","@id":"https:\/\/spandalucia.com\/spacanalsur\/#website","url":"https:\/\/spandalucia.com\/spacanalsur\/","name":"Secci\u00f3n Sindical del SPA en RTVA y CSRTV","description":"P\u00e1gina de informaci\u00f3n de la Secci\u00f3n Sindical del SPA en Canal Sur","potentialAction":[{"@type":"SearchAction","target":{"@type":"EntryPoint","urlTemplate":"https:\/\/spandalucia.com\/spacanalsur\/?s={search_term_string}"},"query-input":"required name=search_term_string"}],"inLanguage":"es"},{"@type":"WebPage","@id":"https:\/\/spandalucia.com\/spacanalsur\/la-junta-y-mellado-dejan-a-andalucia-sin-informativos-locales-en-plena-campana-electoral\/#webpage","url":"https:\/\/spandalucia.com\/spacanalsur\/la-junta-y-mellado-dejan-a-andalucia-sin-informativos-locales-en-plena-campana-electoral\/","name":"LA JUNTA Y MELLADO DEJAN A ANDALUC\u00cdA SIN INFORMATIVOS LOCALES EN PLENA CAMPA\u00d1A ELECTORAL - Secci\u00f3n Sindical del SPA en RTVA y CSRTV","isPartOf":{"@id":"https:\/\/spandalucia.com\/spacanalsur\/#website"},"datePublished":"2023-06-12T09:55:59+00:00","dateModified":"2025-11-13T09:56:37+00:00","author":{"@id":"https:\/\/spandalucia.com\/spacanalsur\/#\/schema\/person\/5605724d9677a9e6124a0f8d0fc47402"},"breadcrumb":{"@id":"https:\/\/spandalucia.com\/spacanalsur\/la-junta-y-mellado-dejan-a-andalucia-sin-informativos-locales-en-plena-campana-electoral\/#breadcrumb"},"inLanguage":"es","potentialAction":[{"@type":"ReadAction","target":["https:\/\/spandalucia.com\/spacanalsur\/la-junta-y-mellado-dejan-a-andalucia-sin-informativos-locales-en-plena-campana-electoral\/"]}]},{"@type":"BreadcrumbList","@id":"https:\/\/spandalucia.com\/spacanalsur\/la-junta-y-mellado-dejan-a-andalucia-sin-informativos-locales-en-plena-campana-electoral\/#breadcrumb","itemListElement":[{"@type":"ListItem","position":1,"name":"Portada","item":"https:\/\/spandalucia.com\/spacanalsur\/"},{"@type":"ListItem","position":2,"name":"LA JUNTA Y MELLADO DEJAN A ANDALUC\u00cdA SIN INFORMATIVOS LOCALES EN PLENA CAMPA\u00d1A ELECTORAL"}]},{"@type":"Person","@id":"https:\/\/spandalucia.com\/spacanalsur\/#\/schema\/person\/5605724d9677a9e6124a0f8d0fc47402","name":"spacanalsur","image":{"@type":"ImageObject","inLanguage":"es","@id":"https:\/\/spandalucia.com\/spacanalsur\/#\/schema\/person\/image\/","url":"https:\/\/secure.gravatar.com\/avatar\/53d83e22630d79f6452bef0b9e8249ac?s=96&d=mm&r=g","contentUrl":"https:\/\/secure.gravatar.com\/avatar\/53d83e22630d79f6452bef0b9e8249ac?s=96&d=mm&r=g","caption":"spacanalsur"},"url":"https:\/\/spandalucia.com\/spacanalsur\/author\/spacanalsur\/"}]}},"_links":{"self":[{"href":"https:\/\/spandalucia.com\/spacanalsur\/wp-json\/wp\/v2\/posts\/861"}],"collection":[{"href":"https:\/\/spandalucia.com\/spacanalsur\/wp-json\/wp\/v2\/posts"}],"about":[{"href":"https:\/\/spandalucia.com\/spacanalsur\/wp-json\/wp\/v2\/types\/post"}],"author":[{"embeddable":true,"href":"https:\/\/spandalucia.com\/spacanalsur\/wp-json\/wp\/v2\/users\/2"}],"replies":[{"embeddable":true,"href":"https:\/\/spandalucia.com\/spacanalsur\/wp-json\/wp\/v2\/comments?post=861"}],"version-history":[{"count":1,"href":"https:\/\/spandalucia.com\/spacanalsur\/wp-json\/wp\/v2\/posts\/861\/revisions"}],"predecessor-version":[{"id":862,"href":"https:\/\/spandalucia.com\/spacanalsur\/wp-json\/wp\/v2\/posts\/861\/revisions\/862"}],"wp:attachment":[{"href":"https:\/\/spandalucia.com\/spacanalsur\/wp-json\/wp\/v2\/media?parent=861"}],"wp:term":[{"taxonomy":"category","embeddable":true,"href":"https:\/\/spandalucia.com\/spacanalsur\/wp-json\/wp\/v2\/categories?post=861"},{"taxonomy":"post_tag","embeddable":true,"href":"https:\/\/spandalucia.com\/spacanalsur\/wp-json\/wp\/v2\/tags?post=861"}],"curies":[{"name":"wp","href":"https:\/\/api.w.org\/{rel}","templated":true}]}}