{"id":894,"date":"2024-02-05T11:01:35","date_gmt":"2024-02-05T11:01:35","guid":{"rendered":"https:\/\/spandalucia.com\/spacanalsur\/?p=894"},"modified":"2025-11-13T11:02:12","modified_gmt":"2025-11-13T11:02:12","slug":"pilar-ortega-espejo-la-mejor-candidata","status":"publish","type":"post","link":"https:\/\/spandalucia.com\/spacanalsur\/pilar-ortega-espejo-la-mejor-candidata\/","title":{"rendered":"PILAR ORTEGA ESPEJO, LA MEJOR CANDIDATA"},"content":{"rendered":"\n<p><em><u>Elecciones a representante en el Consejo de Administraci\u00f3n<\/u><\/em><\/p>\n\n\n\n<p>Estimadas compa\u00f1eras y compa\u00f1eros de la RTVA y Canal Sur RTV: como ya sab\u00e9is, el pr\u00f3ximo mi\u00e9rcoles 8 de febrero los trabajadores elegiremos a quien nos represente en el Consejo de Administraci\u00f3n. La elecci\u00f3n es iniciativa de los sindicatos con representaci\u00f3n en Canal Sur, que llevaremos adelante el proceso con la colaboraci\u00f3n de las compa\u00f1eras y compa\u00f1eros de la plantilla. La figura legal de un representante en el Consejo es novedosa en Espa\u00f1a y con esta elecci\u00f3n Canal Sur se convertir\u00e1 en la primera empresa de comunicaci\u00f3n de nuestro pa\u00eds que la tenga, con lo cual nuestros intereses y reivindicaciones tendr\u00e1n voz directa en el m\u00e1ximo \u00f3rgano de direcci\u00f3n de nuestra empresa.\u00a0\u00a0<\/p>\n\n\n\n<p>A estas elecciones desde el SPA presentamos a\u00a0<strong>Pilar Ortega<\/strong>\u00a0Espejo, compa\u00f1era de una larga trayectoria profesional, comprometida con los intereses laborales y profesionales de la plantilla, como viene demostrando desde 2017, que forma parte del\u00a0<strong>Comit\u00e9 de empresa de Sevilla<\/strong>. En el terreno profesional, Pilar lleva\u00a0<strong>35 a\u00f1os trabajando en Canal Sur<\/strong>, donde es\u00a0<strong>Coordinadora de Programas<\/strong>\u00a0y desde hace una d\u00e9cada es editora del programa\u00a0<strong>\u201cCompromiso Canal Sur\u201d.<\/strong>\u00a0Antes hab\u00eda trabajado en Diario 16 y en los servicios informativos de la cadena\u00a0WBGU-TV de Ohio, en Estados Unidos.<\/p>\n\n\n\n<figure class=\"wp-block-image size-full\"><img loading=\"lazy\" width=\"940\" height=\"788\" src=\"https:\/\/spandalucia.com\/spacanalsur\/wp-content\/uploads\/2025\/11\/unnamed-1.png\" alt=\"\" class=\"wp-image-895\" srcset=\"https:\/\/spandalucia.com\/spacanalsur\/wp-content\/uploads\/2025\/11\/unnamed-1.png 940w, https:\/\/spandalucia.com\/spacanalsur\/wp-content\/uploads\/2025\/11\/unnamed-1-300x251.png 300w, https:\/\/spandalucia.com\/spacanalsur\/wp-content\/uploads\/2025\/11\/unnamed-1-768x644.png 768w\" sizes=\"(max-width: 940px) 100vw, 940px\" \/><\/figure>\n\n\n\n<p><\/p>\n\n\n\n<p><strong>Pilar tiene el<\/strong>\u00a0<strong>apoyo tambi\u00e9n de otra organizaci\u00f3n sindical, la UGT<\/strong>, que ha visto en ella a la mejor candidata, as\u00ed como de amplios sectores de la plantilla de nuestra empresa que conocen su trabajo. Desde el SPA confiamos plenamente en ella, en la seguridad de que no nos va a defraudar. Y a ti tampoco. Por eso te pedimos que el d\u00eda 8 no faltes a tu cita electoral.\u00a0<\/p>\n\n\n\n<p><strong>El soporte legal<\/strong><br>La presencia de un representante de la plantilla de Canal Sur en su Consejo de Administraci\u00f3n est\u00e1 recogida en la Ley de Creaci\u00f3n de la RTVA, tras la modificaci\u00f3n realizada por el Parlamento de Andaluc\u00eda (Ley 2\/2019 de 26 junio):&nbsp;<\/p>\n\n\n\n<h4>\u201cComo novedad, se regula el\u00a0representante permanente de los trabajadores en el Consejo, potenciando la participaci\u00f3n institucional de los trabajadores en el \u00e1mbito del sector p\u00fablico andaluz,\u00a0potenciando el acceso a la informaci\u00f3n sobre los aspectos generales y laborales que les afecten. Con dicha inclusi\u00f3n se fortalece la independencia y neutralidad de los profesionales de la informaci\u00f3n de los medios de comunicaci\u00f3n de la RTVA\u201d.<\/h4>\n\n\n\n<p>Desde entonces, el asunto ha sido sometido a consulta de los servicios jur\u00eddicos de Canal Sur y de la Junta de Andaluc\u00eda. En estos momentos est\u00e1 pendiente de dictamen del Consejo Consultivo, tras lo cual el Consejo de Administraci\u00f3n establecer\u00e1 un reglamento e incorporar\u00e1 a la persona que los trabajadores elijamos.\u00a0<br>\u00a0<br>Ante esta tesitura, los sindicatos de Canal Sur hemos decidido poner en marcha el proceso para elegir a quien nos represente y de esta manera agilizar la elecci\u00f3n y la puesta en marcha de una figura legal muy importante, que ser\u00e1 la voz de nuestras reivindicaciones e intereses en el m\u00e1ximo \u00f3rgano de direcci\u00f3n de nuestra empresa.\u00a0<strong>POR ESO, NO TE OLVIDES DE IR A VOTAR EL 8 DE FEBRERO.<\/strong><\/p>\n","protected":false},"excerpt":{"rendered":"<p>Elecciones a representante en el Consejo de Administraci\u00f3n Estimadas compa\u00f1eras y compa\u00f1eros de la RTVA y Canal Sur RTV: como ya sab\u00e9is, el pr\u00f3ximo mi\u00e9rcoles 8 de febrero los trabajadores elegiremos a quien nos represente en el Consejo de Administraci\u00f3n. La elecci\u00f3n es iniciativa de los sindicatos con representaci\u00f3n en Canal Sur, que llevaremos adelante [&hellip;]<\/p>\n","protected":false},"author":2,"featured_media":0,"comment_status":"open","ping_status":"open","sticky":false,"template":"","format":"standard","meta":[],"categories":[1],"tags":[],"acf":[],"yoast_head":"<!-- This site is optimized with the Yoast SEO plugin v19.0 - https:\/\/yoast.com\/wordpress\/plugins\/seo\/ -->\n<title>PILAR ORTEGA ESPEJO, LA MEJOR CANDIDATA - Secci\u00f3n Sindical del SPA en RTVA y CSRTV<\/title>\n<meta name=\"robots\" content=\"index, follow, max-snippet:-1, max-image-preview:large, max-video-preview:-1\" \/>\n<link rel=\"canonical\" href=\"https:\/\/spandalucia.com\/spacanalsur\/pilar-ortega-espejo-la-mejor-candidata\/\" \/>\n<meta property=\"og:locale\" content=\"es_ES\" \/>\n<meta property=\"og:type\" content=\"article\" \/>\n<meta property=\"og:title\" content=\"PILAR ORTEGA ESPEJO, LA MEJOR CANDIDATA - Secci\u00f3n Sindical del SPA en RTVA y CSRTV\" \/>\n<meta property=\"og:description\" content=\"Elecciones a representante en el Consejo de Administraci\u00f3n Estimadas compa\u00f1eras y compa\u00f1eros de la RTVA y Canal Sur RTV: como ya sab\u00e9is, el pr\u00f3ximo mi\u00e9rcoles 8 de febrero los trabajadores elegiremos a quien nos represente en el Consejo de Administraci\u00f3n. La elecci\u00f3n es iniciativa de los sindicatos con representaci\u00f3n en Canal Sur, que llevaremos adelante [&hellip;]\" \/>\n<meta property=\"og:url\" content=\"https:\/\/spandalucia.com\/spacanalsur\/pilar-ortega-espejo-la-mejor-candidata\/\" \/>\n<meta property=\"og:site_name\" content=\"Secci\u00f3n Sindical del SPA en RTVA y CSRTV\" \/>\n<meta property=\"article:published_time\" content=\"2024-02-05T11:01:35+00:00\" \/>\n<meta property=\"article:modified_time\" content=\"2025-11-13T11:02:12+00:00\" \/>\n<meta property=\"og:image\" content=\"https:\/\/spandalucia.com\/spacanalsur\/wp-content\/uploads\/2025\/11\/unnamed-1.png\" \/>\n<meta name=\"twitter:card\" content=\"summary_large_image\" \/>\n<meta name=\"twitter:label1\" content=\"Escrito por\" \/>\n\t<meta name=\"twitter:data1\" content=\"spacanalsur\" \/>\n\t<meta name=\"twitter:label2\" content=\"Tiempo de lectura\" \/>\n\t<meta name=\"twitter:data2\" content=\"3 minutos\" \/>\n<script type=\"application\/ld+json\" class=\"yoast-schema-graph\">{\"@context\":\"https:\/\/schema.org\",\"@graph\":[{\"@type\":\"WebSite\",\"@id\":\"https:\/\/spandalucia.com\/spacanalsur\/#website\",\"url\":\"https:\/\/spandalucia.com\/spacanalsur\/\",\"name\":\"Secci\u00f3n Sindical del SPA en RTVA y CSRTV\",\"description\":\"P\u00e1gina de informaci\u00f3n de la Secci\u00f3n Sindical del SPA en Canal Sur\",\"potentialAction\":[{\"@type\":\"SearchAction\",\"target\":{\"@type\":\"EntryPoint\",\"urlTemplate\":\"https:\/\/spandalucia.com\/spacanalsur\/?s={search_term_string}\"},\"query-input\":\"required name=search_term_string\"}],\"inLanguage\":\"es\"},{\"@type\":\"ImageObject\",\"inLanguage\":\"es\",\"@id\":\"https:\/\/spandalucia.com\/spacanalsur\/pilar-ortega-espejo-la-mejor-candidata\/#primaryimage\",\"url\":\"https:\/\/spandalucia.com\/spacanalsur\/wp-content\/uploads\/2025\/11\/unnamed-1.png\",\"contentUrl\":\"https:\/\/spandalucia.com\/spacanalsur\/wp-content\/uploads\/2025\/11\/unnamed-1.png\",\"width\":940,\"height\":788},{\"@type\":\"WebPage\",\"@id\":\"https:\/\/spandalucia.com\/spacanalsur\/pilar-ortega-espejo-la-mejor-candidata\/#webpage\",\"url\":\"https:\/\/spandalucia.com\/spacanalsur\/pilar-ortega-espejo-la-mejor-candidata\/\",\"name\":\"PILAR ORTEGA ESPEJO, LA MEJOR CANDIDATA - Secci\u00f3n Sindical del SPA en RTVA y CSRTV\",\"isPartOf\":{\"@id\":\"https:\/\/spandalucia.com\/spacanalsur\/#website\"},\"primaryImageOfPage\":{\"@id\":\"https:\/\/spandalucia.com\/spacanalsur\/pilar-ortega-espejo-la-mejor-candidata\/#primaryimage\"},\"datePublished\":\"2024-02-05T11:01:35+00:00\",\"dateModified\":\"2025-11-13T11:02:12+00:00\",\"author\":{\"@id\":\"https:\/\/spandalucia.com\/spacanalsur\/#\/schema\/person\/5605724d9677a9e6124a0f8d0fc47402\"},\"breadcrumb\":{\"@id\":\"https:\/\/spandalucia.com\/spacanalsur\/pilar-ortega-espejo-la-mejor-candidata\/#breadcrumb\"},\"inLanguage\":\"es\",\"potentialAction\":[{\"@type\":\"ReadAction\",\"target\":[\"https:\/\/spandalucia.com\/spacanalsur\/pilar-ortega-espejo-la-mejor-candidata\/\"]}]},{\"@type\":\"BreadcrumbList\",\"@id\":\"https:\/\/spandalucia.com\/spacanalsur\/pilar-ortega-espejo-la-mejor-candidata\/#breadcrumb\",\"itemListElement\":[{\"@type\":\"ListItem\",\"position\":1,\"name\":\"Portada\",\"item\":\"https:\/\/spandalucia.com\/spacanalsur\/\"},{\"@type\":\"ListItem\",\"position\":2,\"name\":\"PILAR ORTEGA ESPEJO, LA MEJOR CANDIDATA\"}]},{\"@type\":\"Person\",\"@id\":\"https:\/\/spandalucia.com\/spacanalsur\/#\/schema\/person\/5605724d9677a9e6124a0f8d0fc47402\",\"name\":\"spacanalsur\",\"image\":{\"@type\":\"ImageObject\",\"inLanguage\":\"es\",\"@id\":\"https:\/\/spandalucia.com\/spacanalsur\/#\/schema\/person\/image\/\",\"url\":\"https:\/\/secure.gravatar.com\/avatar\/53d83e22630d79f6452bef0b9e8249ac?s=96&d=mm&r=g\",\"contentUrl\":\"https:\/\/secure.gravatar.com\/avatar\/53d83e22630d79f6452bef0b9e8249ac?s=96&d=mm&r=g\",\"caption\":\"spacanalsur\"},\"url\":\"https:\/\/spandalucia.com\/spacanalsur\/author\/spacanalsur\/\"}]}<\/script>\n<!-- \/ Yoast SEO plugin. -->","yoast_head_json":{"title":"PILAR ORTEGA ESPEJO, LA MEJOR CANDIDATA - Secci\u00f3n Sindical del SPA en RTVA y CSRTV","robots":{"index":"index","follow":"follow","max-snippet":"max-snippet:-1","max-image-preview":"max-image-preview:large","max-video-preview":"max-video-preview:-1"},"canonical":"https:\/\/spandalucia.com\/spacanalsur\/pilar-ortega-espejo-la-mejor-candidata\/","og_locale":"es_ES","og_type":"article","og_title":"PILAR ORTEGA ESPEJO, LA MEJOR CANDIDATA - Secci\u00f3n Sindical del SPA en RTVA y CSRTV","og_description":"Elecciones a representante en el Consejo de Administraci\u00f3n Estimadas compa\u00f1eras y compa\u00f1eros de la RTVA y Canal Sur RTV: como ya sab\u00e9is, el pr\u00f3ximo mi\u00e9rcoles 8 de febrero los trabajadores elegiremos a quien nos represente en el Consejo de Administraci\u00f3n. La elecci\u00f3n es iniciativa de los sindicatos con representaci\u00f3n en Canal Sur, que llevaremos adelante [&hellip;]","og_url":"https:\/\/spandalucia.com\/spacanalsur\/pilar-ortega-espejo-la-mejor-candidata\/","og_site_name":"Secci\u00f3n Sindical del SPA en RTVA y CSRTV","article_published_time":"2024-02-05T11:01:35+00:00","article_modified_time":"2025-11-13T11:02:12+00:00","og_image":[{"url":"https:\/\/spandalucia.com\/spacanalsur\/wp-content\/uploads\/2025\/11\/unnamed-1.png"}],"twitter_card":"summary_large_image","twitter_misc":{"Escrito por":"spacanalsur","Tiempo de lectura":"3 minutos"},"schema":{"@context":"https:\/\/schema.org","@graph":[{"@type":"WebSite","@id":"https:\/\/spandalucia.com\/spacanalsur\/#website","url":"https:\/\/spandalucia.com\/spacanalsur\/","name":"Secci\u00f3n Sindical del SPA en RTVA y CSRTV","description":"P\u00e1gina de informaci\u00f3n de la Secci\u00f3n Sindical del SPA en Canal Sur","potentialAction":[{"@type":"SearchAction","target":{"@type":"EntryPoint","urlTemplate":"https:\/\/spandalucia.com\/spacanalsur\/?s={search_term_string}"},"query-input":"required name=search_term_string"}],"inLanguage":"es"},{"@type":"ImageObject","inLanguage":"es","@id":"https:\/\/spandalucia.com\/spacanalsur\/pilar-ortega-espejo-la-mejor-candidata\/#primaryimage","url":"https:\/\/spandalucia.com\/spacanalsur\/wp-content\/uploads\/2025\/11\/unnamed-1.png","contentUrl":"https:\/\/spandalucia.com\/spacanalsur\/wp-content\/uploads\/2025\/11\/unnamed-1.png","width":940,"height":788},{"@type":"WebPage","@id":"https:\/\/spandalucia.com\/spacanalsur\/pilar-ortega-espejo-la-mejor-candidata\/#webpage","url":"https:\/\/spandalucia.com\/spacanalsur\/pilar-ortega-espejo-la-mejor-candidata\/","name":"PILAR ORTEGA ESPEJO, LA MEJOR CANDIDATA - Secci\u00f3n Sindical del SPA en RTVA y CSRTV","isPartOf":{"@id":"https:\/\/spandalucia.com\/spacanalsur\/#website"},"primaryImageOfPage":{"@id":"https:\/\/spandalucia.com\/spacanalsur\/pilar-ortega-espejo-la-mejor-candidata\/#primaryimage"},"datePublished":"2024-02-05T11:01:35+00:00","dateModified":"2025-11-13T11:02:12+00:00","author":{"@id":"https:\/\/spandalucia.com\/spacanalsur\/#\/schema\/person\/5605724d9677a9e6124a0f8d0fc47402"},"breadcrumb":{"@id":"https:\/\/spandalucia.com\/spacanalsur\/pilar-ortega-espejo-la-mejor-candidata\/#breadcrumb"},"inLanguage":"es","potentialAction":[{"@type":"ReadAction","target":["https:\/\/spandalucia.com\/spacanalsur\/pilar-ortega-espejo-la-mejor-candidata\/"]}]},{"@type":"BreadcrumbList","@id":"https:\/\/spandalucia.com\/spacanalsur\/pilar-ortega-espejo-la-mejor-candidata\/#breadcrumb","itemListElement":[{"@type":"ListItem","position":1,"name":"Portada","item":"https:\/\/spandalucia.com\/spacanalsur\/"},{"@type":"ListItem","position":2,"name":"PILAR ORTEGA ESPEJO, LA MEJOR CANDIDATA"}]},{"@type":"Person","@id":"https:\/\/spandalucia.com\/spacanalsur\/#\/schema\/person\/5605724d9677a9e6124a0f8d0fc47402","name":"spacanalsur","image":{"@type":"ImageObject","inLanguage":"es","@id":"https:\/\/spandalucia.com\/spacanalsur\/#\/schema\/person\/image\/","url":"https:\/\/secure.gravatar.com\/avatar\/53d83e22630d79f6452bef0b9e8249ac?s=96&d=mm&r=g","contentUrl":"https:\/\/secure.gravatar.com\/avatar\/53d83e22630d79f6452bef0b9e8249ac?s=96&d=mm&r=g","caption":"spacanalsur"},"url":"https:\/\/spandalucia.com\/spacanalsur\/author\/spacanalsur\/"}]}},"_links":{"self":[{"href":"https:\/\/spandalucia.com\/spacanalsur\/wp-json\/wp\/v2\/posts\/894"}],"collection":[{"href":"https:\/\/spandalucia.com\/spacanalsur\/wp-json\/wp\/v2\/posts"}],"about":[{"href":"https:\/\/spandalucia.com\/spacanalsur\/wp-json\/wp\/v2\/types\/post"}],"author":[{"embeddable":true,"href":"https:\/\/spandalucia.com\/spacanalsur\/wp-json\/wp\/v2\/users\/2"}],"replies":[{"embeddable":true,"href":"https:\/\/spandalucia.com\/spacanalsur\/wp-json\/wp\/v2\/comments?post=894"}],"version-history":[{"count":1,"href":"https:\/\/spandalucia.com\/spacanalsur\/wp-json\/wp\/v2\/posts\/894\/revisions"}],"predecessor-version":[{"id":896,"href":"https:\/\/spandalucia.com\/spacanalsur\/wp-json\/wp\/v2\/posts\/894\/revisions\/896"}],"wp:attachment":[{"href":"https:\/\/spandalucia.com\/spacanalsur\/wp-json\/wp\/v2\/media?parent=894"}],"wp:term":[{"taxonomy":"category","embeddable":true,"href":"https:\/\/spandalucia.com\/spacanalsur\/wp-json\/wp\/v2\/categories?post=894"},{"taxonomy":"post_tag","embeddable":true,"href":"https:\/\/spandalucia.com\/spacanalsur\/wp-json\/wp\/v2\/tags?post=894"}],"curies":[{"name":"wp","href":"https:\/\/api.w.org\/{rel}","templated":true}]}}