{"id":948,"date":"2024-10-11T13:27:28","date_gmt":"2024-10-11T13:27:28","guid":{"rendered":"https:\/\/spandalucia.com\/spacanalsur\/?p=948"},"modified":"2025-11-13T13:27:56","modified_gmt":"2025-11-13T13:27:56","slug":"la-seccion-sindical-del-spa-en-canal-sur-se-solidariza-con-los-companeros-en-huelga-de-la-rtv-gallega","status":"publish","type":"post","link":"https:\/\/spandalucia.com\/spacanalsur\/la-seccion-sindical-del-spa-en-canal-sur-se-solidariza-con-los-companeros-en-huelga-de-la-rtv-gallega\/","title":{"rendered":"La secci\u00f3n sindical del SPA en Canal Sur se solidariza con los compa\u00f1eros en huelga de la RTV Gallega"},"content":{"rendered":"\n<p><strong>&#8211; Protestan contra la externalizaci\u00f3n de la producci\u00f3n y la manipulaci\u00f3n informativa<\/strong><\/p>\n\n\n\n<p>Desde la Secci\u00f3n sindical del Sindicato de Periodistas de Andaluc\u00eda (SPA) en Canal Sur queremos trasladar a los compa\u00f1eros y compa\u00f1eras de la Radio televisi\u00f3n p\u00fablica Gallega todo nuestro apoyo y solidaridad a los paros parciales (de 11 a 13h) que est\u00e1n llevando a cabo por la defensa de la producci\u00f3n propia y la independencia profesional.<\/p>\n\n\n\n<p>La plantilla y los sindicatos de la RTGA vienen manifestando su preocupaci\u00f3n y su rechazo a la creciente externalizaci\u00f3n de programas hist\u00f3ricos de la cadena, que han pasado a ser realizados por productoras externas.<\/p>\n\n\n\n<p><strong>Viernes negros<\/strong><\/p>\n\n\n\n<p>La otra gran reivindicaci\u00f3n es la independencia profesional, que vienen denunciando desde hace a\u00f1os y que ha dado lugar a que desde 2018 est\u00e9n llevando a cabo concentraciones de protesta contra la manipulaci\u00f3n informativa, en los llamados \u201cviernes negros\u201d. Protesta que, seg\u00fan han denunciado los trabajadores, se ha intentado frenar mediante \u201camenazas y sanciones\u201d.<\/p>\n\n\n\n<p>Tras las dos primeras jornadas de paros, que han tenido un seguimiento superior al 30%, habr\u00e1 un nuevo paro el pr\u00f3ximo 16 de octubre y en caso de no haber acuerdo se har\u00e1n con car\u00e1cter indefinido a partir del d\u00eda 16. Ser\u00eda la primera huelga desde su fundaci\u00f3n en 1985 en la RTVGA, que cuenta con 900 trabajadores.<\/p>\n\n\n\n<p>Desde el SPA llamamos a nuestra afiliaci\u00f3n y los trabajadores de la RTVA a enviarles mensajes de apoyo.<\/p>\n\n\n\n<p>Contacto: <a href=\"mailto:venresnegrocrtvg@gmail.com\" target=\"_blank\" rel=\"noreferrer noopener\">venresnegrocrtvg@gmail.com<\/a><\/p>\n\n\n\n<p>@CrtvgCut @DefendeAGalega<\/p>\n","protected":false},"excerpt":{"rendered":"<p>&#8211; Protestan contra la externalizaci\u00f3n de la producci\u00f3n y la manipulaci\u00f3n informativa Desde la Secci\u00f3n sindical del Sindicato de Periodistas de Andaluc\u00eda (SPA) en Canal Sur queremos trasladar a los compa\u00f1eros y compa\u00f1eras de la Radio televisi\u00f3n p\u00fablica Gallega todo nuestro apoyo y solidaridad a los paros parciales (de 11 a 13h) que est\u00e1n llevando [&hellip;]<\/p>\n","protected":false},"author":2,"featured_media":0,"comment_status":"open","ping_status":"open","sticky":false,"template":"","format":"standard","meta":[],"categories":[1],"tags":[],"acf":[],"yoast_head":"<!-- This site is optimized with the Yoast SEO plugin v19.0 - https:\/\/yoast.com\/wordpress\/plugins\/seo\/ -->\n<title>La secci\u00f3n sindical del SPA en Canal Sur se solidariza con los compa\u00f1eros en huelga de la RTV Gallega - Secci\u00f3n Sindical del SPA en RTVA y CSRTV<\/title>\n<meta name=\"robots\" content=\"index, follow, max-snippet:-1, max-image-preview:large, max-video-preview:-1\" \/>\n<link rel=\"canonical\" href=\"https:\/\/spandalucia.com\/spacanalsur\/la-seccion-sindical-del-spa-en-canal-sur-se-solidariza-con-los-companeros-en-huelga-de-la-rtv-gallega\/\" \/>\n<meta property=\"og:locale\" content=\"es_ES\" \/>\n<meta property=\"og:type\" content=\"article\" \/>\n<meta property=\"og:title\" content=\"La secci\u00f3n sindical del SPA en Canal Sur se solidariza con los compa\u00f1eros en huelga de la RTV Gallega - Secci\u00f3n Sindical del SPA en RTVA y CSRTV\" \/>\n<meta property=\"og:description\" content=\"&#8211; Protestan contra la externalizaci\u00f3n de la producci\u00f3n y la manipulaci\u00f3n informativa Desde la Secci\u00f3n sindical del Sindicato de Periodistas de Andaluc\u00eda (SPA) en Canal Sur queremos trasladar a los compa\u00f1eros y compa\u00f1eras de la Radio televisi\u00f3n p\u00fablica Gallega todo nuestro apoyo y solidaridad a los paros parciales (de 11 a 13h) que est\u00e1n llevando [&hellip;]\" \/>\n<meta property=\"og:url\" content=\"https:\/\/spandalucia.com\/spacanalsur\/la-seccion-sindical-del-spa-en-canal-sur-se-solidariza-con-los-companeros-en-huelga-de-la-rtv-gallega\/\" \/>\n<meta property=\"og:site_name\" content=\"Secci\u00f3n Sindical del SPA en RTVA y CSRTV\" \/>\n<meta property=\"article:published_time\" content=\"2024-10-11T13:27:28+00:00\" \/>\n<meta property=\"article:modified_time\" content=\"2025-11-13T13:27:56+00:00\" \/>\n<meta name=\"twitter:card\" content=\"summary_large_image\" \/>\n<meta name=\"twitter:label1\" content=\"Escrito por\" \/>\n\t<meta name=\"twitter:data1\" content=\"spacanalsur\" \/>\n\t<meta name=\"twitter:label2\" content=\"Tiempo de lectura\" \/>\n\t<meta name=\"twitter:data2\" content=\"2 minutos\" \/>\n<script type=\"application\/ld+json\" class=\"yoast-schema-graph\">{\"@context\":\"https:\/\/schema.org\",\"@graph\":[{\"@type\":\"WebSite\",\"@id\":\"https:\/\/spandalucia.com\/spacanalsur\/#website\",\"url\":\"https:\/\/spandalucia.com\/spacanalsur\/\",\"name\":\"Secci\u00f3n Sindical del SPA en RTVA y CSRTV\",\"description\":\"P\u00e1gina de informaci\u00f3n de la Secci\u00f3n Sindical del SPA en Canal Sur\",\"potentialAction\":[{\"@type\":\"SearchAction\",\"target\":{\"@type\":\"EntryPoint\",\"urlTemplate\":\"https:\/\/spandalucia.com\/spacanalsur\/?s={search_term_string}\"},\"query-input\":\"required name=search_term_string\"}],\"inLanguage\":\"es\"},{\"@type\":\"WebPage\",\"@id\":\"https:\/\/spandalucia.com\/spacanalsur\/la-seccion-sindical-del-spa-en-canal-sur-se-solidariza-con-los-companeros-en-huelga-de-la-rtv-gallega\/#webpage\",\"url\":\"https:\/\/spandalucia.com\/spacanalsur\/la-seccion-sindical-del-spa-en-canal-sur-se-solidariza-con-los-companeros-en-huelga-de-la-rtv-gallega\/\",\"name\":\"La secci\u00f3n sindical del SPA en Canal Sur se solidariza con los compa\u00f1eros en huelga de la RTV Gallega - Secci\u00f3n Sindical del SPA en RTVA y CSRTV\",\"isPartOf\":{\"@id\":\"https:\/\/spandalucia.com\/spacanalsur\/#website\"},\"datePublished\":\"2024-10-11T13:27:28+00:00\",\"dateModified\":\"2025-11-13T13:27:56+00:00\",\"author\":{\"@id\":\"https:\/\/spandalucia.com\/spacanalsur\/#\/schema\/person\/5605724d9677a9e6124a0f8d0fc47402\"},\"breadcrumb\":{\"@id\":\"https:\/\/spandalucia.com\/spacanalsur\/la-seccion-sindical-del-spa-en-canal-sur-se-solidariza-con-los-companeros-en-huelga-de-la-rtv-gallega\/#breadcrumb\"},\"inLanguage\":\"es\",\"potentialAction\":[{\"@type\":\"ReadAction\",\"target\":[\"https:\/\/spandalucia.com\/spacanalsur\/la-seccion-sindical-del-spa-en-canal-sur-se-solidariza-con-los-companeros-en-huelga-de-la-rtv-gallega\/\"]}]},{\"@type\":\"BreadcrumbList\",\"@id\":\"https:\/\/spandalucia.com\/spacanalsur\/la-seccion-sindical-del-spa-en-canal-sur-se-solidariza-con-los-companeros-en-huelga-de-la-rtv-gallega\/#breadcrumb\",\"itemListElement\":[{\"@type\":\"ListItem\",\"position\":1,\"name\":\"Portada\",\"item\":\"https:\/\/spandalucia.com\/spacanalsur\/\"},{\"@type\":\"ListItem\",\"position\":2,\"name\":\"La secci\u00f3n sindical del SPA en Canal Sur se solidariza con los compa\u00f1eros en huelga de la RTV Gallega\"}]},{\"@type\":\"Person\",\"@id\":\"https:\/\/spandalucia.com\/spacanalsur\/#\/schema\/person\/5605724d9677a9e6124a0f8d0fc47402\",\"name\":\"spacanalsur\",\"image\":{\"@type\":\"ImageObject\",\"inLanguage\":\"es\",\"@id\":\"https:\/\/spandalucia.com\/spacanalsur\/#\/schema\/person\/image\/\",\"url\":\"https:\/\/secure.gravatar.com\/avatar\/53d83e22630d79f6452bef0b9e8249ac?s=96&d=mm&r=g\",\"contentUrl\":\"https:\/\/secure.gravatar.com\/avatar\/53d83e22630d79f6452bef0b9e8249ac?s=96&d=mm&r=g\",\"caption\":\"spacanalsur\"},\"url\":\"https:\/\/spandalucia.com\/spacanalsur\/author\/spacanalsur\/\"}]}<\/script>\n<!-- \/ Yoast SEO plugin. -->","yoast_head_json":{"title":"La secci\u00f3n sindical del SPA en Canal Sur se solidariza con los compa\u00f1eros en huelga de la RTV Gallega - Secci\u00f3n Sindical del SPA en RTVA y CSRTV","robots":{"index":"index","follow":"follow","max-snippet":"max-snippet:-1","max-image-preview":"max-image-preview:large","max-video-preview":"max-video-preview:-1"},"canonical":"https:\/\/spandalucia.com\/spacanalsur\/la-seccion-sindical-del-spa-en-canal-sur-se-solidariza-con-los-companeros-en-huelga-de-la-rtv-gallega\/","og_locale":"es_ES","og_type":"article","og_title":"La secci\u00f3n sindical del SPA en Canal Sur se solidariza con los compa\u00f1eros en huelga de la RTV Gallega - Secci\u00f3n Sindical del SPA en RTVA y CSRTV","og_description":"&#8211; Protestan contra la externalizaci\u00f3n de la producci\u00f3n y la manipulaci\u00f3n informativa Desde la Secci\u00f3n sindical del Sindicato de Periodistas de Andaluc\u00eda (SPA) en Canal Sur queremos trasladar a los compa\u00f1eros y compa\u00f1eras de la Radio televisi\u00f3n p\u00fablica Gallega todo nuestro apoyo y solidaridad a los paros parciales (de 11 a 13h) que est\u00e1n llevando [&hellip;]","og_url":"https:\/\/spandalucia.com\/spacanalsur\/la-seccion-sindical-del-spa-en-canal-sur-se-solidariza-con-los-companeros-en-huelga-de-la-rtv-gallega\/","og_site_name":"Secci\u00f3n Sindical del SPA en RTVA y CSRTV","article_published_time":"2024-10-11T13:27:28+00:00","article_modified_time":"2025-11-13T13:27:56+00:00","twitter_card":"summary_large_image","twitter_misc":{"Escrito por":"spacanalsur","Tiempo de lectura":"2 minutos"},"schema":{"@context":"https:\/\/schema.org","@graph":[{"@type":"WebSite","@id":"https:\/\/spandalucia.com\/spacanalsur\/#website","url":"https:\/\/spandalucia.com\/spacanalsur\/","name":"Secci\u00f3n Sindical del SPA en RTVA y CSRTV","description":"P\u00e1gina de informaci\u00f3n de la Secci\u00f3n Sindical del SPA en Canal Sur","potentialAction":[{"@type":"SearchAction","target":{"@type":"EntryPoint","urlTemplate":"https:\/\/spandalucia.com\/spacanalsur\/?s={search_term_string}"},"query-input":"required name=search_term_string"}],"inLanguage":"es"},{"@type":"WebPage","@id":"https:\/\/spandalucia.com\/spacanalsur\/la-seccion-sindical-del-spa-en-canal-sur-se-solidariza-con-los-companeros-en-huelga-de-la-rtv-gallega\/#webpage","url":"https:\/\/spandalucia.com\/spacanalsur\/la-seccion-sindical-del-spa-en-canal-sur-se-solidariza-con-los-companeros-en-huelga-de-la-rtv-gallega\/","name":"La secci\u00f3n sindical del SPA en Canal Sur se solidariza con los compa\u00f1eros en huelga de la RTV Gallega - Secci\u00f3n Sindical del SPA en RTVA y CSRTV","isPartOf":{"@id":"https:\/\/spandalucia.com\/spacanalsur\/#website"},"datePublished":"2024-10-11T13:27:28+00:00","dateModified":"2025-11-13T13:27:56+00:00","author":{"@id":"https:\/\/spandalucia.com\/spacanalsur\/#\/schema\/person\/5605724d9677a9e6124a0f8d0fc47402"},"breadcrumb":{"@id":"https:\/\/spandalucia.com\/spacanalsur\/la-seccion-sindical-del-spa-en-canal-sur-se-solidariza-con-los-companeros-en-huelga-de-la-rtv-gallega\/#breadcrumb"},"inLanguage":"es","potentialAction":[{"@type":"ReadAction","target":["https:\/\/spandalucia.com\/spacanalsur\/la-seccion-sindical-del-spa-en-canal-sur-se-solidariza-con-los-companeros-en-huelga-de-la-rtv-gallega\/"]}]},{"@type":"BreadcrumbList","@id":"https:\/\/spandalucia.com\/spacanalsur\/la-seccion-sindical-del-spa-en-canal-sur-se-solidariza-con-los-companeros-en-huelga-de-la-rtv-gallega\/#breadcrumb","itemListElement":[{"@type":"ListItem","position":1,"name":"Portada","item":"https:\/\/spandalucia.com\/spacanalsur\/"},{"@type":"ListItem","position":2,"name":"La secci\u00f3n sindical del SPA en Canal Sur se solidariza con los compa\u00f1eros en huelga de la RTV Gallega"}]},{"@type":"Person","@id":"https:\/\/spandalucia.com\/spacanalsur\/#\/schema\/person\/5605724d9677a9e6124a0f8d0fc47402","name":"spacanalsur","image":{"@type":"ImageObject","inLanguage":"es","@id":"https:\/\/spandalucia.com\/spacanalsur\/#\/schema\/person\/image\/","url":"https:\/\/secure.gravatar.com\/avatar\/53d83e22630d79f6452bef0b9e8249ac?s=96&d=mm&r=g","contentUrl":"https:\/\/secure.gravatar.com\/avatar\/53d83e22630d79f6452bef0b9e8249ac?s=96&d=mm&r=g","caption":"spacanalsur"},"url":"https:\/\/spandalucia.com\/spacanalsur\/author\/spacanalsur\/"}]}},"_links":{"self":[{"href":"https:\/\/spandalucia.com\/spacanalsur\/wp-json\/wp\/v2\/posts\/948"}],"collection":[{"href":"https:\/\/spandalucia.com\/spacanalsur\/wp-json\/wp\/v2\/posts"}],"about":[{"href":"https:\/\/spandalucia.com\/spacanalsur\/wp-json\/wp\/v2\/types\/post"}],"author":[{"embeddable":true,"href":"https:\/\/spandalucia.com\/spacanalsur\/wp-json\/wp\/v2\/users\/2"}],"replies":[{"embeddable":true,"href":"https:\/\/spandalucia.com\/spacanalsur\/wp-json\/wp\/v2\/comments?post=948"}],"version-history":[{"count":1,"href":"https:\/\/spandalucia.com\/spacanalsur\/wp-json\/wp\/v2\/posts\/948\/revisions"}],"predecessor-version":[{"id":949,"href":"https:\/\/spandalucia.com\/spacanalsur\/wp-json\/wp\/v2\/posts\/948\/revisions\/949"}],"wp:attachment":[{"href":"https:\/\/spandalucia.com\/spacanalsur\/wp-json\/wp\/v2\/media?parent=948"}],"wp:term":[{"taxonomy":"category","embeddable":true,"href":"https:\/\/spandalucia.com\/spacanalsur\/wp-json\/wp\/v2\/categories?post=948"},{"taxonomy":"post_tag","embeddable":true,"href":"https:\/\/spandalucia.com\/spacanalsur\/wp-json\/wp\/v2\/tags?post=948"}],"curies":[{"name":"wp","href":"https:\/\/api.w.org\/{rel}","templated":true}]}}