{"id":966,"date":"2025-02-14T15:29:59","date_gmt":"2025-02-14T15:29:59","guid":{"rendered":"https:\/\/spandalucia.com\/spacanalsur\/?p=966"},"modified":"2025-11-13T15:59:14","modified_gmt":"2025-11-13T15:59:14","slug":"motivos-para-la-huelga-de-24-horas-el-28-de-febrero","status":"publish","type":"post","link":"https:\/\/spandalucia.com\/spacanalsur\/motivos-para-la-huelga-de-24-horas-el-28-de-febrero\/","title":{"rendered":"MOTIVOS PARA LA HUELGA DE 24 HORAS EL 28 DE FEBRERO"},"content":{"rendered":"\n<p class=\"has-text-align-center\"><strong><em><u>La plantilla actual es insuficiente para dar cobertura al territorio y la poblaci\u00f3n andaluza agudizando la sobrecarga de trabajo<\/u><\/em><\/strong><\/p>\n\n\n\n<p class=\"has-text-align-center\"><strong><em><u>La Junta da marcha atr\u00e1s en la cobertura inmediata de las vacantes producidas por jubilaciones definitivas, incapacidades o defunciones<\/u><\/em><\/strong><\/p>\n\n\n\n<p>Apenas unos meses ha durado el permiso de la Junta para cubrir de forma inmediata las vacantes producidas por jubilaciones, lo que ha impedido la cobertura de las plazas vac\u00edas que hab\u00edan dejado las numerosas jubilaciones definitivas que se registraron el pasado mes de diciembre. As\u00ed que habr\u00e1 que esperar a que la Junta reconozca las plazas vacantes que se han registrado durante el a\u00f1o pasado para la tasa de reposici\u00f3n de 2025.<\/p>\n\n\n\n<p>Por otra parte, el pr\u00f3ximo mes de abril comenzar\u00e1 a aplicarse la reforma de las jubilaciones parciales aprobada por el Gobierno central que obliga a que el trabajador relevista deba ser contratado indefinidamente. Algo que no puede aplicarse en una empresa p\u00fablica como la nuestra, dado que la cobertura de plazas de forma fija debe regirse por los principios de m\u00e9rito y capacidad, igualdad y publicidad.<\/p>\n\n\n\n<p>Ambas medidas vienen a complicar a\u00fan m\u00e1s la ag\u00f3nica situaci\u00f3n de la diezmada plantilla de nuestra empresa. Sin cobertura temporal de vacantes y sin contratos de relevo y con una plantilla, a\u00f1o a a\u00f1o, con una mayor edad, algunos colectivos de trabajadores\/as (c\u00e1maras y unidades m\u00f3viles) est\u00e1n empezando a movilizarse y a solicitar el amparo del Comit\u00e9 Intercentros para poner en marcha medidas de presi\u00f3n con el objetivo de conseguir contrataciones e impedir que aumente a\u00fan m\u00e1s la externalizaci\u00f3n de la producci\u00f3n.<\/p>\n\n\n\n<p>Nuestro convenio colectivo recoge que el colectivo de c\u00e1maras en Sevilla debe estar compuesto por 52 personas, colectivo que ha visto como con los a\u00f1os se ha reducido en un 30 por ciento, situ\u00e1ndose en la actualidad en 36 personas. Con esta reducida plantilla ocurre que, durante la grabaci\u00f3n de los programas de Alcal\u00e1 de Guada\u00edra (Tierra de Talentos de Manu S\u00e1nchez y el programa de Bert\u00edn), no se pueden pedir los d\u00edas debidos cuando realmente lo necesitan, los horarios que soportan son leoninos y no tienen relevos con turnos de m\u00e1s de 9 horas o que durante el puente del 6\/8 de diciembre pasado, que coincidi\u00f3 con la Magna de Sevilla, se les impidiera coger d\u00edas libres. Situaci\u00f3n que vienen soportando desde hace a\u00f1os, por lo que tras el puente de diciembre solicitaron el amparo del Intercentros para tomar medidas y movilizarse, medidas que se concretaron en la decisi\u00f3n un\u00e1nime del colectivo de convocar una huelga el 28 de febrero, ante la falta de respuestas a sus reivindicaciones de m\u00e1s contrataci\u00f3n por parte de la direcci\u00f3n.<\/p>\n\n\n\n<p>Decisi\u00f3n que hemos apoyado los cinco sindicatos que conformamos el Intercentros con una convocatoria de huelga de 24 horas para el 28 de febrero, ya que entendemos que la petici\u00f3n de m\u00e1s contrataciones que parte del colectivo de c\u00e1maras es extensible a toda la plantilla, de ah\u00ed que la convocatoria abarque a todos los los centros de trabajo de Andaluc\u00eda de RTVA y su Sociedad Filial, Canal Sur Radio y Televisi\u00f3n S.A.<\/p>\n\n\n\n<p>A diciembre de 2024, la plantilla, seg\u00fan los datos que nos facilit\u00f3 RRHH para la Trimestral del pasado 6 de febrero, era de 1348 personas, si descontamos las 76 personas que estuvieron de baja todo el mes y los 62 contratos al 50 por ciento de jornada (representar\u00eda 31 jornadas completas), la plantilla efectiva quedar\u00eda en 1241 personas, pero adem\u00e1s habr\u00eda que tener en cuenta que 120 personas registraron d\u00edas de IT durante ese mes de diciembre.<\/p>\n\n\n\n<figure class=\"wp-block-image size-full\"><img loading=\"lazy\" width=\"509\" height=\"243\" src=\"https:\/\/spandalucia.com\/spacanalsur\/wp-content\/uploads\/2025\/11\/unnamed2.png\" alt=\"\" class=\"wp-image-967\" srcset=\"https:\/\/spandalucia.com\/spacanalsur\/wp-content\/uploads\/2025\/11\/unnamed2.png 509w, https:\/\/spandalucia.com\/spacanalsur\/wp-content\/uploads\/2025\/11\/unnamed2-300x143.png 300w\" sizes=\"(max-width: 509px) 100vw, 509px\" \/><\/figure>\n\n\n\n<p>Estos datos como ya hemos se\u00f1alado en otras ocasiones indican que la plantilla efectiva de Canal Sur es similar a la de EITB. La televisi\u00f3n vasca seg\u00fan la Auditor\u00eda de Cuentas Anuales de 2023 tiene 1110 trabajadoras\/es, que cubre el servicio p\u00fablico de informaci\u00f3n y comunicaci\u00f3n para un territorio de 7.234 km2, una poblaci\u00f3n de 2.227.581 habitantes y 252 municipios; mientras Canal Sur ofrece el servicio p\u00fablico para una comunidad que tiene 87.597 km2 y 8.620.120 habitantes, y 785 municipios.<\/p>\n","protected":false},"excerpt":{"rendered":"<p>La plantilla actual es insuficiente para dar cobertura al territorio y la poblaci\u00f3n andaluza agudizando la sobrecarga de trabajo La Junta da marcha atr\u00e1s en la cobertura inmediata de las vacantes producidas por jubilaciones definitivas, incapacidades o defunciones Apenas unos meses ha durado el permiso de la Junta para cubrir de forma inmediata las vacantes [&hellip;]<\/p>\n","protected":false},"author":2,"featured_media":0,"comment_status":"open","ping_status":"open","sticky":false,"template":"","format":"standard","meta":[],"categories":[1],"tags":[],"acf":[],"yoast_head":"<!-- This site is optimized with the Yoast SEO plugin v19.0 - https:\/\/yoast.com\/wordpress\/plugins\/seo\/ -->\n<title>MOTIVOS PARA LA HUELGA DE 24 HORAS EL 28 DE FEBRERO - Secci\u00f3n Sindical del SPA en RTVA y CSRTV<\/title>\n<meta name=\"robots\" content=\"index, follow, max-snippet:-1, max-image-preview:large, max-video-preview:-1\" \/>\n<link rel=\"canonical\" href=\"https:\/\/spandalucia.com\/spacanalsur\/motivos-para-la-huelga-de-24-horas-el-28-de-febrero\/\" \/>\n<meta property=\"og:locale\" content=\"es_ES\" \/>\n<meta property=\"og:type\" content=\"article\" \/>\n<meta property=\"og:title\" content=\"MOTIVOS PARA LA HUELGA DE 24 HORAS EL 28 DE FEBRERO - Secci\u00f3n Sindical del SPA en RTVA y CSRTV\" \/>\n<meta property=\"og:description\" content=\"La plantilla actual es insuficiente para dar cobertura al territorio y la poblaci\u00f3n andaluza agudizando la sobrecarga de trabajo La Junta da marcha atr\u00e1s en la cobertura inmediata de las vacantes producidas por jubilaciones definitivas, incapacidades o defunciones Apenas unos meses ha durado el permiso de la Junta para cubrir de forma inmediata las vacantes [&hellip;]\" \/>\n<meta property=\"og:url\" content=\"https:\/\/spandalucia.com\/spacanalsur\/motivos-para-la-huelga-de-24-horas-el-28-de-febrero\/\" \/>\n<meta property=\"og:site_name\" content=\"Secci\u00f3n Sindical del SPA en RTVA y CSRTV\" \/>\n<meta property=\"article:published_time\" content=\"2025-02-14T15:29:59+00:00\" \/>\n<meta property=\"article:modified_time\" content=\"2025-11-13T15:59:14+00:00\" \/>\n<meta property=\"og:image\" content=\"https:\/\/spandalucia.com\/spacanalsur\/wp-content\/uploads\/2025\/11\/unnamed2.png\" \/>\n<meta name=\"twitter:card\" content=\"summary_large_image\" \/>\n<meta name=\"twitter:label1\" content=\"Escrito por\" \/>\n\t<meta name=\"twitter:data1\" content=\"spacanalsur\" \/>\n\t<meta name=\"twitter:label2\" content=\"Tiempo de lectura\" \/>\n\t<meta name=\"twitter:data2\" content=\"4 minutos\" \/>\n<script type=\"application\/ld+json\" class=\"yoast-schema-graph\">{\"@context\":\"https:\/\/schema.org\",\"@graph\":[{\"@type\":\"WebSite\",\"@id\":\"https:\/\/spandalucia.com\/spacanalsur\/#website\",\"url\":\"https:\/\/spandalucia.com\/spacanalsur\/\",\"name\":\"Secci\u00f3n Sindical del SPA en RTVA y CSRTV\",\"description\":\"P\u00e1gina de informaci\u00f3n de la Secci\u00f3n Sindical del SPA en Canal Sur\",\"potentialAction\":[{\"@type\":\"SearchAction\",\"target\":{\"@type\":\"EntryPoint\",\"urlTemplate\":\"https:\/\/spandalucia.com\/spacanalsur\/?s={search_term_string}\"},\"query-input\":\"required name=search_term_string\"}],\"inLanguage\":\"es\"},{\"@type\":\"ImageObject\",\"inLanguage\":\"es\",\"@id\":\"https:\/\/spandalucia.com\/spacanalsur\/motivos-para-la-huelga-de-24-horas-el-28-de-febrero\/#primaryimage\",\"url\":\"https:\/\/spandalucia.com\/spacanalsur\/wp-content\/uploads\/2025\/11\/unnamed2.png\",\"contentUrl\":\"https:\/\/spandalucia.com\/spacanalsur\/wp-content\/uploads\/2025\/11\/unnamed2.png\",\"width\":509,\"height\":243},{\"@type\":\"WebPage\",\"@id\":\"https:\/\/spandalucia.com\/spacanalsur\/motivos-para-la-huelga-de-24-horas-el-28-de-febrero\/#webpage\",\"url\":\"https:\/\/spandalucia.com\/spacanalsur\/motivos-para-la-huelga-de-24-horas-el-28-de-febrero\/\",\"name\":\"MOTIVOS PARA LA HUELGA DE 24 HORAS EL 28 DE FEBRERO - Secci\u00f3n Sindical del SPA en RTVA y CSRTV\",\"isPartOf\":{\"@id\":\"https:\/\/spandalucia.com\/spacanalsur\/#website\"},\"primaryImageOfPage\":{\"@id\":\"https:\/\/spandalucia.com\/spacanalsur\/motivos-para-la-huelga-de-24-horas-el-28-de-febrero\/#primaryimage\"},\"datePublished\":\"2025-02-14T15:29:59+00:00\",\"dateModified\":\"2025-11-13T15:59:14+00:00\",\"author\":{\"@id\":\"https:\/\/spandalucia.com\/spacanalsur\/#\/schema\/person\/5605724d9677a9e6124a0f8d0fc47402\"},\"breadcrumb\":{\"@id\":\"https:\/\/spandalucia.com\/spacanalsur\/motivos-para-la-huelga-de-24-horas-el-28-de-febrero\/#breadcrumb\"},\"inLanguage\":\"es\",\"potentialAction\":[{\"@type\":\"ReadAction\",\"target\":[\"https:\/\/spandalucia.com\/spacanalsur\/motivos-para-la-huelga-de-24-horas-el-28-de-febrero\/\"]}]},{\"@type\":\"BreadcrumbList\",\"@id\":\"https:\/\/spandalucia.com\/spacanalsur\/motivos-para-la-huelga-de-24-horas-el-28-de-febrero\/#breadcrumb\",\"itemListElement\":[{\"@type\":\"ListItem\",\"position\":1,\"name\":\"Portada\",\"item\":\"https:\/\/spandalucia.com\/spacanalsur\/\"},{\"@type\":\"ListItem\",\"position\":2,\"name\":\"MOTIVOS PARA LA HUELGA DE 24 HORAS EL 28 DE FEBRERO\"}]},{\"@type\":\"Person\",\"@id\":\"https:\/\/spandalucia.com\/spacanalsur\/#\/schema\/person\/5605724d9677a9e6124a0f8d0fc47402\",\"name\":\"spacanalsur\",\"image\":{\"@type\":\"ImageObject\",\"inLanguage\":\"es\",\"@id\":\"https:\/\/spandalucia.com\/spacanalsur\/#\/schema\/person\/image\/\",\"url\":\"https:\/\/secure.gravatar.com\/avatar\/53d83e22630d79f6452bef0b9e8249ac?s=96&d=mm&r=g\",\"contentUrl\":\"https:\/\/secure.gravatar.com\/avatar\/53d83e22630d79f6452bef0b9e8249ac?s=96&d=mm&r=g\",\"caption\":\"spacanalsur\"},\"url\":\"https:\/\/spandalucia.com\/spacanalsur\/author\/spacanalsur\/\"}]}<\/script>\n<!-- \/ Yoast SEO plugin. -->","yoast_head_json":{"title":"MOTIVOS PARA LA HUELGA DE 24 HORAS EL 28 DE FEBRERO - Secci\u00f3n Sindical del SPA en RTVA y CSRTV","robots":{"index":"index","follow":"follow","max-snippet":"max-snippet:-1","max-image-preview":"max-image-preview:large","max-video-preview":"max-video-preview:-1"},"canonical":"https:\/\/spandalucia.com\/spacanalsur\/motivos-para-la-huelga-de-24-horas-el-28-de-febrero\/","og_locale":"es_ES","og_type":"article","og_title":"MOTIVOS PARA LA HUELGA DE 24 HORAS EL 28 DE FEBRERO - Secci\u00f3n Sindical del SPA en RTVA y CSRTV","og_description":"La plantilla actual es insuficiente para dar cobertura al territorio y la poblaci\u00f3n andaluza agudizando la sobrecarga de trabajo La Junta da marcha atr\u00e1s en la cobertura inmediata de las vacantes producidas por jubilaciones definitivas, incapacidades o defunciones Apenas unos meses ha durado el permiso de la Junta para cubrir de forma inmediata las vacantes [&hellip;]","og_url":"https:\/\/spandalucia.com\/spacanalsur\/motivos-para-la-huelga-de-24-horas-el-28-de-febrero\/","og_site_name":"Secci\u00f3n Sindical del SPA en RTVA y CSRTV","article_published_time":"2025-02-14T15:29:59+00:00","article_modified_time":"2025-11-13T15:59:14+00:00","og_image":[{"url":"https:\/\/spandalucia.com\/spacanalsur\/wp-content\/uploads\/2025\/11\/unnamed2.png"}],"twitter_card":"summary_large_image","twitter_misc":{"Escrito por":"spacanalsur","Tiempo de lectura":"4 minutos"},"schema":{"@context":"https:\/\/schema.org","@graph":[{"@type":"WebSite","@id":"https:\/\/spandalucia.com\/spacanalsur\/#website","url":"https:\/\/spandalucia.com\/spacanalsur\/","name":"Secci\u00f3n Sindical del SPA en RTVA y CSRTV","description":"P\u00e1gina de informaci\u00f3n de la Secci\u00f3n Sindical del SPA en Canal Sur","potentialAction":[{"@type":"SearchAction","target":{"@type":"EntryPoint","urlTemplate":"https:\/\/spandalucia.com\/spacanalsur\/?s={search_term_string}"},"query-input":"required name=search_term_string"}],"inLanguage":"es"},{"@type":"ImageObject","inLanguage":"es","@id":"https:\/\/spandalucia.com\/spacanalsur\/motivos-para-la-huelga-de-24-horas-el-28-de-febrero\/#primaryimage","url":"https:\/\/spandalucia.com\/spacanalsur\/wp-content\/uploads\/2025\/11\/unnamed2.png","contentUrl":"https:\/\/spandalucia.com\/spacanalsur\/wp-content\/uploads\/2025\/11\/unnamed2.png","width":509,"height":243},{"@type":"WebPage","@id":"https:\/\/spandalucia.com\/spacanalsur\/motivos-para-la-huelga-de-24-horas-el-28-de-febrero\/#webpage","url":"https:\/\/spandalucia.com\/spacanalsur\/motivos-para-la-huelga-de-24-horas-el-28-de-febrero\/","name":"MOTIVOS PARA LA HUELGA DE 24 HORAS EL 28 DE FEBRERO - Secci\u00f3n Sindical del SPA en RTVA y CSRTV","isPartOf":{"@id":"https:\/\/spandalucia.com\/spacanalsur\/#website"},"primaryImageOfPage":{"@id":"https:\/\/spandalucia.com\/spacanalsur\/motivos-para-la-huelga-de-24-horas-el-28-de-febrero\/#primaryimage"},"datePublished":"2025-02-14T15:29:59+00:00","dateModified":"2025-11-13T15:59:14+00:00","author":{"@id":"https:\/\/spandalucia.com\/spacanalsur\/#\/schema\/person\/5605724d9677a9e6124a0f8d0fc47402"},"breadcrumb":{"@id":"https:\/\/spandalucia.com\/spacanalsur\/motivos-para-la-huelga-de-24-horas-el-28-de-febrero\/#breadcrumb"},"inLanguage":"es","potentialAction":[{"@type":"ReadAction","target":["https:\/\/spandalucia.com\/spacanalsur\/motivos-para-la-huelga-de-24-horas-el-28-de-febrero\/"]}]},{"@type":"BreadcrumbList","@id":"https:\/\/spandalucia.com\/spacanalsur\/motivos-para-la-huelga-de-24-horas-el-28-de-febrero\/#breadcrumb","itemListElement":[{"@type":"ListItem","position":1,"name":"Portada","item":"https:\/\/spandalucia.com\/spacanalsur\/"},{"@type":"ListItem","position":2,"name":"MOTIVOS PARA LA HUELGA DE 24 HORAS EL 28 DE FEBRERO"}]},{"@type":"Person","@id":"https:\/\/spandalucia.com\/spacanalsur\/#\/schema\/person\/5605724d9677a9e6124a0f8d0fc47402","name":"spacanalsur","image":{"@type":"ImageObject","inLanguage":"es","@id":"https:\/\/spandalucia.com\/spacanalsur\/#\/schema\/person\/image\/","url":"https:\/\/secure.gravatar.com\/avatar\/53d83e22630d79f6452bef0b9e8249ac?s=96&d=mm&r=g","contentUrl":"https:\/\/secure.gravatar.com\/avatar\/53d83e22630d79f6452bef0b9e8249ac?s=96&d=mm&r=g","caption":"spacanalsur"},"url":"https:\/\/spandalucia.com\/spacanalsur\/author\/spacanalsur\/"}]}},"_links":{"self":[{"href":"https:\/\/spandalucia.com\/spacanalsur\/wp-json\/wp\/v2\/posts\/966"}],"collection":[{"href":"https:\/\/spandalucia.com\/spacanalsur\/wp-json\/wp\/v2\/posts"}],"about":[{"href":"https:\/\/spandalucia.com\/spacanalsur\/wp-json\/wp\/v2\/types\/post"}],"author":[{"embeddable":true,"href":"https:\/\/spandalucia.com\/spacanalsur\/wp-json\/wp\/v2\/users\/2"}],"replies":[{"embeddable":true,"href":"https:\/\/spandalucia.com\/spacanalsur\/wp-json\/wp\/v2\/comments?post=966"}],"version-history":[{"count":1,"href":"https:\/\/spandalucia.com\/spacanalsur\/wp-json\/wp\/v2\/posts\/966\/revisions"}],"predecessor-version":[{"id":968,"href":"https:\/\/spandalucia.com\/spacanalsur\/wp-json\/wp\/v2\/posts\/966\/revisions\/968"}],"wp:attachment":[{"href":"https:\/\/spandalucia.com\/spacanalsur\/wp-json\/wp\/v2\/media?parent=966"}],"wp:term":[{"taxonomy":"category","embeddable":true,"href":"https:\/\/spandalucia.com\/spacanalsur\/wp-json\/wp\/v2\/categories?post=966"},{"taxonomy":"post_tag","embeddable":true,"href":"https:\/\/spandalucia.com\/spacanalsur\/wp-json\/wp\/v2\/tags?post=966"}],"curies":[{"name":"wp","href":"https:\/\/api.w.org\/{rel}","templated":true}]}}